{"id":4918,"date":"2024-06-30T00:34:01","date_gmt":"2024-06-29T22:34:01","guid":{"rendered":"http:\/\/bluejays.fr\/?p=4918"},"modified":"2024-09-26T21:23:31","modified_gmt":"2024-09-26T19:23:31","slug":"nouveau-titre-pour-la-r1-blue-jays","status":"publish","type":"post","link":"https:\/\/bluejays.fr\/?p=4918","title":{"rendered":"Nouveau Titre pour la R1 Blue Jays"},"content":{"rendered":"<p>Les Blue Jays R1 ont brill\u00e9 ce dernier week-end de juin en remportant les finales r\u00e9gionales contre La Rochelle, d\u00e9crochant ainsi le titre de champion de R1 pour la 2\u1d49 fois de l\u2019histoire du Club, cr\u00e9\u00e9 en 1993. Cette victoire leur ouvre les portes de la D3 nationale.<\/p>\n<p>Thierry Nee, le pr\u00e9sident du club, raconte cette finale palpitante\u00a0: \u00ab\u00a0\u00c0 la fin de la 4\u1d49 manche, nous \u00e9tions men\u00e9s 8 \u00e0 3. Les Blue Jays se sont r\u00e9veill\u00e9s \u00e0 la 5\u1d49 manche, \u00e9galisant avec des frappes magnifiques et des vols de base. La tension \u00e9tait \u00e0 son comble lorsque La\u00a0Rochelle est repass\u00e9e devant \u00e0 la 6\u1d49 manche avec un point d\u2019avance. Mais \u00e0 la 7\u1d49 manche, nos joueurs ont marqu\u00e9 6 points d\u00e9cisifs\u00a0!\u00a0\u00bb<\/p>\n<style>\/*! elementor - v3.18.0 - 20-12-2023 *\/\n.elementor-widget-image{text-align:center}.elementor-widget-image a{display:inline-block}.elementor-widget-image a img[src$=\".svg\"]{width:48px}.elementor-widget-image img{vertical-align:middle;display:inline-block}<\/style>\n<p>\t\t\t\t\t\t\t\t\t\t\t\t<img data-recalc-dims=\"1\" fetchpriority=\"high\" decoding=\"async\" width=\"1024\" height=\"683\" src=\"https:\/\/i0.wp.com\/bluejays.fr\/wp-content\/uploads\/2024\/06\/IMG_0499.jpg?resize=1024%2C683\" alt=\"\" srcset=\"https:\/\/i0.wp.com\/bluejays.fr\/wp-content\/uploads\/2024\/06\/IMG_0499.jpg?resize=1024%2C683 1024w, https:\/\/i0.wp.com\/bluejays.fr\/wp-content\/uploads\/2024\/06\/IMG_0499.jpg?resize=300%2C200 300w, https:\/\/i0.wp.com\/bluejays.fr\/wp-content\/uploads\/2024\/06\/IMG_0499.jpg?resize=768%2C512 768w, https:\/\/i0.wp.com\/bluejays.fr\/wp-content\/uploads\/2024\/06\/IMG_0499.jpg?resize=1536%2C1024 1536w, https:\/\/i0.wp.com\/bluejays.fr\/wp-content\/uploads\/2024\/06\/IMG_0499.jpg?w=1620 1620w\" sizes=\"(max-width: 1024px) 100vw, 1024px\" \/><\/p>\n","protected":false},"excerpt":{"rendered":"<p>Les Blue Jays R1 ont brill\u00e9 ce dernier week-end de juin en remportant les finales r\u00e9gionales contre La Rochelle, d\u00e9crochant ainsi le titre de champion de R1 pour la 2\u1d49 fois de l\u2019histoire du Club, cr\u00e9\u00e9 en 1993. Cette victoire leur ouvre les portes de la D3 nationale. Thierry Nee, le pr\u00e9sident du club, raconte<\/p>\n<p><a class=\"read-more\" href=\"https:\/\/bluejays.fr\/?p=4918\"> Lire Plus&#8230;<\/a><\/p>\n","protected":false},"author":3,"featured_media":4920,"comment_status":"closed","ping_status":"closed","sticky":false,"template":"","format":"standard","meta":{"_bbp_topic_count":0,"_bbp_reply_count":0,"_bbp_total_topic_count":0,"_bbp_total_reply_count":0,"_bbp_voice_count":0,"_bbp_anonymous_reply_count":0,"_bbp_topic_count_hidden":0,"_bbp_reply_count_hidden":0,"_bbp_forum_subforum_count":0,"_monsterinsights_skip_tracking":false,"_monsterinsights_sitenote_active":false,"_monsterinsights_sitenote_note":"","_monsterinsights_sitenote_category":0,"_uf_show_specific_survey":0,"_uf_disable_surveys":false,"jetpack_post_was_ever_published":false,"_jetpack_newsletter_access":"","_jetpack_dont_email_post_to_subs":false,"_jetpack_newsletter_tier_id":0,"_jetpack_memberships_contains_paywalled_content":false,"_jetpack_memberships_contains_paid_content":false,"footnotes":""},"categories":[120,117,5],"tags":[],"class_list":["post-4918","post","type-post","status-publish","format-standard","has-post-thumbnail","hentry","category-actualites-accueil","category-historique","category-le-club"],"aioseo_notices":[],"jetpack_featured_media_url":"https:\/\/i0.wp.com\/bluejays.fr\/wp-content\/uploads\/2024\/08\/IMG_0497-e1727378709950.jpg?fit=1620%2C696&ssl=1","jetpack_shortlink":"https:\/\/wp.me\/p7l0w0-1hk","jetpack-related-posts":[{"id":1585,"url":"https:\/\/bluejays.fr\/?p=1585","url_meta":{"origin":4918,"position":0},"title":"1\u00b0 journ\u00e9e Coupe D&rsquo;automne 12U version 2016 !","author":"Caro","date":"09\/10\/2016","format":false,"excerpt":"Salut \u00e0 tous, Apr\u00e8s les 15U la semaine derni\u00e8re, c'est au tour de nos 12U de rentrer dans cette comp\u00e9tition avec d\u00e9sormais la participation de nouvelles \u00e9quipes du au passage de la grande r\u00e9gion Aquitaine ! Nos Jays se sont d\u00e9plac\u00e9s pour la premi\u00e8re fois sur les terres des Boucaniers\u2026","rel":"","context":"Dans &quot;Baseball Jeunes&quot;","block_context":{"text":"Baseball Jeunes","link":"https:\/\/bluejays.fr\/?cat=7"},"img":{"alt_text":"","src":"https:\/\/i0.wp.com\/bluejays.fr\/wp-content\/uploads\/2016\/10\/DSC_0069-Copier-e1478426163309.jpg?fit=924%2C612&ssl=1&resize=350%2C200","width":350,"height":200,"srcset":"https:\/\/i0.wp.com\/bluejays.fr\/wp-content\/uploads\/2016\/10\/DSC_0069-Copier-e1478426163309.jpg?fit=924%2C612&ssl=1&resize=350%2C200 1x, https:\/\/i0.wp.com\/bluejays.fr\/wp-content\/uploads\/2016\/10\/DSC_0069-Copier-e1478426163309.jpg?fit=924%2C612&ssl=1&resize=525%2C300 1.5x, https:\/\/i0.wp.com\/bluejays.fr\/wp-content\/uploads\/2016\/10\/DSC_0069-Copier-e1478426163309.jpg?fit=924%2C612&ssl=1&resize=700%2C400 2x"},"classes":[]},{"id":2256,"url":"https:\/\/bluejays.fr\/?p=2256","url_meta":{"origin":4918,"position":1},"title":"3\u00b0 journ\u00e9e 15U : fin de s\u00e9rie pour nos Jays !","author":"Fred","date":"27\/04\/2018","format":false,"excerpt":"Salut \u00e0 tous, ce samedi 21 avril nos 15U ont re\u00e7u les Gambas d'Anglet pour le compte de la 3\u00b0 journ\u00e9e du Championnat d'Aquitaine ; en pleine p\u00e9riode de vacances notre effectif a \u00e9t\u00e9 d\u00e9cim\u00e9, seuls 8 Blue Jays pr\u00e9sents pour cette journ\u00e9e et d\u00e9j\u00e0 pas mal de bobos \u00e0\u2026","rel":"","context":"Dans &quot;Baseball Jeunes&quot;","block_context":{"text":"Baseball Jeunes","link":"https:\/\/bluejays.fr\/?cat=7"},"img":{"alt_text":"","src":"https:\/\/i0.wp.com\/bluejays.fr\/wp-content\/uploads\/2018\/04\/mms_20180427_220905-e1524864010355.jpg?fit=963%2C465&ssl=1&resize=350%2C200","width":350,"height":200,"srcset":"https:\/\/i0.wp.com\/bluejays.fr\/wp-content\/uploads\/2018\/04\/mms_20180427_220905-e1524864010355.jpg?fit=963%2C465&ssl=1&resize=350%2C200 1x, https:\/\/i0.wp.com\/bluejays.fr\/wp-content\/uploads\/2018\/04\/mms_20180427_220905-e1524864010355.jpg?fit=963%2C465&ssl=1&resize=525%2C300 1.5x, https:\/\/i0.wp.com\/bluejays.fr\/wp-content\/uploads\/2018\/04\/mms_20180427_220905-e1524864010355.jpg?fit=963%2C465&ssl=1&resize=700%2C400 2x"},"classes":[]},{"id":2305,"url":"https:\/\/bluejays.fr\/?p=2305","url_meta":{"origin":4918,"position":2},"title":"Derni\u00e8re journ\u00e9e de Championnat au sommet pour nos 15U !","author":"Fred","date":"30\/05\/2018","format":false,"excerpt":"Salut \u00e0 tous, samedi dernier nos 15U reprenaient le chemin du Championnat d'Aquitaine en allant disputer la derni\u00e8re journ\u00e9e de phase r\u00e9guli\u00e8re face au Champion de France en titre, les Indians de Bon-Encontre ! Si \u00e0 l'aller nos Blue Jays avaient su disposer de leurs adversaires venus en effectif r\u00e9duit,\u2026","rel":"","context":"Dans &quot;Baseball Jeunes&quot;","block_context":{"text":"Baseball Jeunes","link":"https:\/\/bluejays.fr\/?cat=7"},"img":{"alt_text":"","src":"https:\/\/i0.wp.com\/bluejays.fr\/wp-content\/uploads\/2018\/05\/20180526_173842-e1527714190267.jpg?fit=963%2C453&ssl=1&resize=350%2C200","width":350,"height":200,"srcset":"https:\/\/i0.wp.com\/bluejays.fr\/wp-content\/uploads\/2018\/05\/20180526_173842-e1527714190267.jpg?fit=963%2C453&ssl=1&resize=350%2C200 1x, https:\/\/i0.wp.com\/bluejays.fr\/wp-content\/uploads\/2018\/05\/20180526_173842-e1527714190267.jpg?fit=963%2C453&ssl=1&resize=525%2C300 1.5x, https:\/\/i0.wp.com\/bluejays.fr\/wp-content\/uploads\/2018\/05\/20180526_173842-e1527714190267.jpg?fit=963%2C453&ssl=1&resize=700%2C400 2x"},"classes":[]},{"id":1979,"url":"https:\/\/bluejays.fr\/?p=1979","url_meta":{"origin":4918,"position":3},"title":"Nos 12U Vice Champion de la Nouvelle Aquitaine 2017 !","author":"Fred","date":"23\/06\/2017","format":false,"excerpt":"Salut \u00e0 tous, Retour sur la derni\u00e8re journ\u00e9e de championnat du samedi 10 juin qui s'est tenue \u00e0 P\u00e9rigueux ; 3 terrains, 11 \u00e9quipes, et nos Blue Jays en lice pour jouer la demi finale du championnat face l'entente Anglet Begaar Un d\u00e9but de rencontre loin d'\u00eatre id\u00e9al, nos adversaires\u2026","rel":"","context":"Dans &quot;Baseball Jeunes&quot;","block_context":{"text":"Baseball Jeunes","link":"https:\/\/bluejays.fr\/?cat=7"},"img":{"alt_text":"","src":"https:\/\/i0.wp.com\/bluejays.fr\/wp-content\/uploads\/2017\/06\/DSC_0218-e1498253718151.jpg?fit=960%2C340&ssl=1&resize=350%2C200","width":350,"height":200,"srcset":"https:\/\/i0.wp.com\/bluejays.fr\/wp-content\/uploads\/2017\/06\/DSC_0218-e1498253718151.jpg?fit=960%2C340&ssl=1&resize=350%2C200 1x, https:\/\/i0.wp.com\/bluejays.fr\/wp-content\/uploads\/2017\/06\/DSC_0218-e1498253718151.jpg?fit=960%2C340&ssl=1&resize=525%2C300 1.5x, https:\/\/i0.wp.com\/bluejays.fr\/wp-content\/uploads\/2017\/06\/DSC_0218-e1498253718151.jpg?fit=960%2C340&ssl=1&resize=700%2C400 2x"},"classes":[]},{"id":1321,"url":"https:\/\/bluejays.fr\/?p=1321","url_meta":{"origin":4918,"position":4},"title":"Coupe d&rsquo;Automne 12U ; r\u00e9sum\u00e9 des deux premi\u00e8res journ\u00e9es !","author":"Caro","date":"08\/11\/2015","format":false,"excerpt":"Salut \u00e0 tous Cette p\u00e9riode automnale a vu le commencement de la traditionnelle Coupe d'Automne de Baseball qui dans la cat\u00e9gorie 12U r\u00e9unit pas moins de 7 \u00e9quipes cette ann\u00e9e. Nos Blue Jays sont dans une poule compos\u00e9e des Angels de P\u00e9rigueux, des Boucaniers de La Rochelle, des Pirates de\u2026","rel":"","context":"Dans &quot;Baseball Jeunes&quot;","block_context":{"text":"Baseball Jeunes","link":"https:\/\/bluejays.fr\/?cat=7"},"img":{"alt_text":"","src":"https:\/\/i0.wp.com\/bluejays.fr\/wp-content\/uploads\/2015\/11\/DSC_0781-Copier-e1446994750735.jpg?fit=642%2C414&ssl=1&resize=350%2C200","width":350,"height":200,"srcset":"https:\/\/i0.wp.com\/bluejays.fr\/wp-content\/uploads\/2015\/11\/DSC_0781-Copier-e1446994750735.jpg?fit=642%2C414&ssl=1&resize=350%2C200 1x, https:\/\/i0.wp.com\/bluejays.fr\/wp-content\/uploads\/2015\/11\/DSC_0781-Copier-e1446994750735.jpg?fit=642%2C414&ssl=1&resize=525%2C300 1.5x"},"classes":[]},{"id":2646,"url":"https:\/\/bluejays.fr\/?p=2646","url_meta":{"origin":4918,"position":5},"title":"9U &#8211; 25 mai 2019 : tournoi au Porge","author":"Caro","date":"30\/05\/2019","format":false,"excerpt":"Nos \u00ab p\u2019tit Jays \u00bb \u00e9taient au Porge samedi 25 mai pour d\u00e9fendre leur titre d\u2019\u00e9quipe invaincue \u00e0 l\u2019occasion de la derni\u00e8re journ\u00e9e du championnat 9U. Etaient pr\u00e9sents : Evan, Luc, Elliott, Cl\u00e9ment et Marco, renforc\u00e9s par nos 3 amis pessacais : Ewen, Jos\u00e9phine et R\u00e9mi avec qui l\u2019entente fonctionne\u2026","rel":"","context":"Dans &quot;Baseball Jeunes&quot;","block_context":{"text":"Baseball Jeunes","link":"https:\/\/bluejays.fr\/?cat=7"},"img":{"alt_text":"","src":"https:\/\/i0.wp.com\/bluejays.fr\/wp-content\/uploads\/2019\/02\/9U.site_.bandeau.jpg?fit=1000%2C428&ssl=1&resize=350%2C200","width":350,"height":200,"srcset":"https:\/\/i0.wp.com\/bluejays.fr\/wp-content\/uploads\/2019\/02\/9U.site_.bandeau.jpg?fit=1000%2C428&ssl=1&resize=350%2C200 1x, https:\/\/i0.wp.com\/bluejays.fr\/wp-content\/uploads\/2019\/02\/9U.site_.bandeau.jpg?fit=1000%2C428&ssl=1&resize=525%2C300 1.5x, https:\/\/i0.wp.com\/bluejays.fr\/wp-content\/uploads\/2019\/02\/9U.site_.bandeau.jpg?fit=1000%2C428&ssl=1&resize=700%2C400 2x"},"classes":[]}],"jetpack_sharing_enabled":true,"_links":{"self":[{"href":"https:\/\/bluejays.fr\/index.php?rest_route=\/wp\/v2\/posts\/4918","targetHints":{"allow":["GET"]}}],"collection":[{"href":"https:\/\/bluejays.fr\/index.php?rest_route=\/wp\/v2\/posts"}],"about":[{"href":"https:\/\/bluejays.fr\/index.php?rest_route=\/wp\/v2\/types\/post"}],"author":[{"embeddable":true,"href":"https:\/\/bluejays.fr\/index.php?rest_route=\/wp\/v2\/users\/3"}],"replies":[{"embeddable":true,"href":"https:\/\/bluejays.fr\/index.php?rest_route=%2Fwp%2Fv2%2Fcomments&post=4918"}],"version-history":[{"count":9,"href":"https:\/\/bluejays.fr\/index.php?rest_route=\/wp\/v2\/posts\/4918\/revisions"}],"predecessor-version":[{"id":4962,"href":"https:\/\/bluejays.fr\/index.php?rest_route=\/wp\/v2\/posts\/4918\/revisions\/4962"}],"wp:featuredmedia":[{"embeddable":true,"href":"https:\/\/bluejays.fr\/index.php?rest_route=\/wp\/v2\/media\/4920"}],"wp:attachment":[{"href":"https:\/\/bluejays.fr\/index.php?rest_route=%2Fwp%2Fv2%2Fmedia&parent=4918"}],"wp:term":[{"taxonomy":"category","embeddable":true,"href":"https:\/\/bluejays.fr\/index.php?rest_route=%2Fwp%2Fv2%2Fcategories&post=4918"},{"taxonomy":"post_tag","embeddable":true,"href":"https:\/\/bluejays.fr\/index.php?rest_route=%2Fwp%2Fv2%2Ftags&post=4918"}],"curies":[{"name":"wp","href":"https:\/\/api.w.org\/{rel}","templated":true}]}}