{"id":2654,"date":"2019-05-30T14:53:56","date_gmt":"2019-05-30T12:53:56","guid":{"rendered":"http:\/\/bluejays.fr\/?p=2654"},"modified":"2019-05-30T14:55:13","modified_gmt":"2019-05-30T12:55:13","slug":"d2-26-05-thiais-invaincus","status":"publish","type":"post","link":"https:\/\/bluejays.fr\/?p=2654","title":{"rendered":"D2 &#8211; 26\/05 @ Thiais &#8211; Invaincus"},"content":{"rendered":"\n<p>Bonjour \u00e0 tous ,<\/p>\n\n\n\n<p>L&rsquo;\u00e9quipe 1 toujours invaincue partait ce week-end en d\u00e9placement p\u00e9rilleux pour le compte de la 6 \u00e8me journ\u00e9e chez le second ( Thiais) apr\u00e8s des matchs serr\u00e9s lors de la 3 \u00e8re journ\u00e9e chez nous , on pouvait s&rsquo;attendre \u00e0 une r\u00e9ception ind\u00e9cise .<\/p>\n\n\n\n<p>Nous commen\u00e7ons comme il se doit en attaque et nos artilleurs commencent de la meilleure des fa\u00e7ons en inscrivant 4 points ( 4 hits) , la d\u00e9fense ( avec Louis au pitch) ne fait pas de d\u00e9tail et avec 8 strikes sur 14<br> lancers nous menons 4 \u00e0 0.<br> la 2 eme manche sera vierge de points des 2 c\u00f4t\u00e9s ( il est \u00e0 noter 3 strikes out de Louis )<br> le match continuera \u00e0 se d\u00e9rouler sur le m\u00eame rythme avec 18 Hits et 1 seule erreur de notre c\u00f4t\u00e9 : le score est sans appel 21 \u00e0 5 pour les Blue .<\/p>\n\n\n\n<p>Les stats de nos lanceurs : Louis 58 % de strikes<br> Marc ( rel\u00e8ve \u00e0 la 6 eme manche) 56 % de strikes<\/p>\n\n\n\n<p>Le 2 eme matchs sera du m\u00eame style avec 0 erreur et 10 Hits ; score l\u00e0 aussi sans appel et mercy rule \u00e0 la cl\u00e9 : 11 \u00e0 1 pour nous<\/p>\n\n\n\n<p>Stats du pitch : Mathias 58 % de strikes<br> le boulot a \u00e9t\u00e9 fait s\u00e9rieusement et efficacement tous les joueurs ont frapp\u00e9 des hits constat : 28 hits sur la journ\u00e9e et 1 seule erreur<\/p>\n\n\n\n<p>Tout le monde est d&rsquo;accord dans le groupe pour accorder la mention sp\u00e9ciale \u00e0 Louis auteur de 7 hits sur 8 passages dont 3 triple et pl\u00e9thore de RBI.<\/p>\n\n\n\n<p>Voil\u00e0 une belle journ\u00e9e qui en annonce d&rsquo;autres du m\u00eame acabit ( esp\u00e9rons le ) avec un pr\u00e9sident pr\u00e9sent avec ce groupe et content d&rsquo;eux .<\/p>\n\n\n\n<p>Bravo \u00e0 tous<\/p>\n\n\n\n<p>Le Prez<\/p>\n\n\n\n<p> <\/p>\n\n\n\n<ul class=\"wp-block-gallery columns-2 is-cropped wp-block-gallery-1 is-layout-flex wp-block-gallery-is-layout-flex\"><li class=\"blocks-gallery-item\"><figure><img fetchpriority=\"high\" decoding=\"async\" width=\"3120\" height=\"4160\" data-attachment-id=\"2655\" data-permalink=\"https:\/\/bluejays.fr\/?attachment_id=2655\" data-orig-file=\"https:\/\/i0.wp.com\/bluejays.fr\/wp-content\/uploads\/2019\/05\/d2-bis.jpg?fit=3120%2C4160&amp;ssl=1\" data-orig-size=\"3120,4160\" data-comments-opened=\"0\" data-image-meta=\"{&quot;aperture&quot;:&quot;2.2&quot;,&quot;credit&quot;:&quot;&quot;,&quot;camera&quot;:&quot;FIG-LX1&quot;,&quot;caption&quot;:&quot;dav&quot;,&quot;created_timestamp&quot;:&quot;1558874055&quot;,&quot;copyright&quot;:&quot;&quot;,&quot;focal_length&quot;:&quot;3.21&quot;,&quot;iso&quot;:&quot;50&quot;,&quot;shutter_speed&quot;:&quot;0.001121&quot;,&quot;title&quot;:&quot;dav&quot;,&quot;orientation&quot;:&quot;0&quot;}\" data-image-title=\"Bate de baseball\" data-image-description=\"&lt;p&gt;Bate de baseball&lt;\/p&gt;\n\" data-image-caption=\"&lt;p&gt;Bate de baseball&lt;\/p&gt;\n\" data-medium-file=\"https:\/\/i0.wp.com\/bluejays.fr\/wp-content\/uploads\/2019\/05\/d2-bis.jpg?fit=225%2C300&amp;ssl=1\" data-large-file=\"https:\/\/i0.wp.com\/bluejays.fr\/wp-content\/uploads\/2019\/05\/d2-bis.jpg?fit=768%2C1024&amp;ssl=1\" src=\"https:\/\/i2.wp.com\/bluejays.fr\/wp-content\/uploads\/2019\/05\/d2-bis.jpg?fit=768%2C1024\" alt=\"\" data-id=\"2655\" data-link=\"http:\/\/bluejays.fr\/?attachment_id=2655\" class=\"wp-image-2655\" srcset=\"https:\/\/i0.wp.com\/bluejays.fr\/wp-content\/uploads\/2019\/05\/d2-bis.jpg?w=3120&amp;ssl=1 3120w, https:\/\/i0.wp.com\/bluejays.fr\/wp-content\/uploads\/2019\/05\/d2-bis.jpg?resize=225%2C300&amp;ssl=1 225w, https:\/\/i0.wp.com\/bluejays.fr\/wp-content\/uploads\/2019\/05\/d2-bis.jpg?resize=768%2C1024&amp;ssl=1 768w, https:\/\/i0.wp.com\/bluejays.fr\/wp-content\/uploads\/2019\/05\/d2-bis.jpg?w=2048 2048w\" sizes=\"(max-width: 1024px) 100vw, 1024px\" \/><figcaption>dav<\/figcaption><\/figure><\/li><li class=\"blocks-gallery-item\"><figure><img decoding=\"async\" width=\"4160\" height=\"3120\" data-attachment-id=\"2658\" data-permalink=\"https:\/\/bluejays.fr\/?attachment_id=2658\" data-orig-file=\"https:\/\/i0.wp.com\/bluejays.fr\/wp-content\/uploads\/2019\/05\/photo-thiais-apr%C3%A8s-match-1.jpg?fit=4160%2C3120&amp;ssl=1\" data-orig-size=\"4160,3120\" data-comments-opened=\"0\" data-image-meta=\"{&quot;aperture&quot;:&quot;2.2&quot;,&quot;credit&quot;:&quot;&quot;,&quot;camera&quot;:&quot;FIG-LX1&quot;,&quot;caption&quot;:&quot;sdr&quot;,&quot;created_timestamp&quot;:&quot;1558887218&quot;,&quot;copyright&quot;:&quot;&quot;,&quot;focal_length&quot;:&quot;3.21&quot;,&quot;iso&quot;:&quot;50&quot;,&quot;shutter_speed&quot;:&quot;0.001198&quot;,&quot;title&quot;:&quot;sdr&quot;,&quot;orientation&quot;:&quot;0&quot;}\" data-image-title=\"apr\u00e8s match\" data-image-description=\"&lt;p&gt;apr\u00e8s match&lt;\/p&gt;\n\" data-image-caption=\"&lt;p&gt;apr\u00e8s match&lt;\/p&gt;\n\" data-medium-file=\"https:\/\/i0.wp.com\/bluejays.fr\/wp-content\/uploads\/2019\/05\/photo-thiais-apr%C3%A8s-match-1.jpg?fit=300%2C225&amp;ssl=1\" data-large-file=\"https:\/\/i0.wp.com\/bluejays.fr\/wp-content\/uploads\/2019\/05\/photo-thiais-apr%C3%A8s-match-1.jpg?fit=1024%2C768&amp;ssl=1\" src=\"https:\/\/i2.wp.com\/bluejays.fr\/wp-content\/uploads\/2019\/05\/photo-thiais-apr\u00e8s-match-1.jpg?fit=1024%2C768\" alt=\"\" data-id=\"2658\" data-link=\"http:\/\/bluejays.fr\/?attachment_id=2658\" class=\"wp-image-2658\" srcset=\"https:\/\/i0.wp.com\/bluejays.fr\/wp-content\/uploads\/2019\/05\/photo-thiais-apr%C3%A8s-match-1.jpg?w=4160&amp;ssl=1 4160w, https:\/\/i0.wp.com\/bluejays.fr\/wp-content\/uploads\/2019\/05\/photo-thiais-apr%C3%A8s-match-1.jpg?resize=300%2C225&amp;ssl=1 300w, https:\/\/i0.wp.com\/bluejays.fr\/wp-content\/uploads\/2019\/05\/photo-thiais-apr%C3%A8s-match-1.jpg?resize=768%2C576&amp;ssl=1 768w, https:\/\/i0.wp.com\/bluejays.fr\/wp-content\/uploads\/2019\/05\/photo-thiais-apr%C3%A8s-match-1.jpg?resize=1024%2C768&amp;ssl=1 1024w, https:\/\/i0.wp.com\/bluejays.fr\/wp-content\/uploads\/2019\/05\/photo-thiais-apr%C3%A8s-match-1.jpg?w=2048 2048w, https:\/\/i0.wp.com\/bluejays.fr\/wp-content\/uploads\/2019\/05\/photo-thiais-apr%C3%A8s-match-1.jpg?w=3072 3072w\" sizes=\"(max-width: 1024px) 100vw, 1024px\" \/><figcaption>sdr<\/figcaption><\/figure><\/li><\/ul>\n","protected":false},"excerpt":{"rendered":"<p>Bonjour \u00e0 tous , L&rsquo;\u00e9quipe 1 toujours invaincue partait ce week-end en d\u00e9placement p\u00e9rilleux pour le compte de la 6 \u00e8me journ\u00e9e chez le second ( Thiais) apr\u00e8s des matchs serr\u00e9s lors de la 3 \u00e8re journ\u00e9e chez nous , on pouvait s&rsquo;attendre \u00e0 une r\u00e9ception ind\u00e9cise . Nous commen\u00e7ons comme il se doit en<\/p>\n<p><a class=\"read-more\" href=\"https:\/\/bluejays.fr\/?p=2654\"> Lire Plus&#8230;<\/a><\/p>\n","protected":false},"author":3,"featured_media":2618,"comment_status":"closed","ping_status":"closed","sticky":false,"template":"","format":"standard","meta":{"_bbp_topic_count":0,"_bbp_reply_count":0,"_bbp_total_topic_count":0,"_bbp_total_reply_count":0,"_bbp_voice_count":0,"_bbp_anonymous_reply_count":0,"_bbp_topic_count_hidden":0,"_bbp_reply_count_hidden":0,"_bbp_forum_subforum_count":0,"_monsterinsights_skip_tracking":false,"_monsterinsights_sitenote_active":false,"_monsterinsights_sitenote_note":"","_monsterinsights_sitenote_category":0,"_uf_show_specific_survey":0,"_uf_disable_surveys":false,"jetpack_post_was_ever_published":false,"_jetpack_newsletter_access":"","_jetpack_dont_email_post_to_subs":false,"_jetpack_newsletter_tier_id":0,"_jetpack_memberships_contains_paywalled_content":false,"_jetpack_memberships_contains_paid_content":false,"footnotes":""},"categories":[6],"tags":[],"class_list":["post-2654","post","type-post","status-publish","format-standard","has-post-thumbnail","hentry","category-baseball-senior"],"aioseo_notices":[],"jetpack_featured_media_url":"https:\/\/i0.wp.com\/bluejays.fr\/wp-content\/uploads\/2019\/04\/site.bandeau.D2.jpg?fit=1000%2C428&ssl=1","jetpack_shortlink":"https:\/\/wp.me\/p7l0w0-GO","jetpack-related-posts":[{"id":2610,"url":"https:\/\/bluejays.fr\/?p=2610","url_meta":{"origin":2654,"position":0},"title":"12U, 2\u00e8me journ\u00e9e, 2 victoires !","author":"Caro","date":"18\/03\/2019","format":false,"excerpt":"Bonjour \u00e0 tous,\u00a0Nos 12u recevaient \u00e0 pessac ce samedi l'entente Pau \/begaar \/andernos\u00a0 2 matchs serr\u00e9s puisque se terminant \u00e0 chaque fois par un point d'\u00e9cart\u00a0Au 1er match, Andrea lance et fera le boulot jusqu'\u00e0 la 4eme manche o\u00f9 il est remplac\u00e9 par Alexandre\u00a0C\u00f4t\u00e9 attaque un inside Park d Andrea\u2026","rel":"","context":"Dans &quot;Baseball Jeunes&quot;","block_context":{"text":"Baseball Jeunes","link":"https:\/\/bluejays.fr\/?cat=7"},"img":{"alt_text":"","src":"","width":0,"height":0},"classes":[]},{"id":1639,"url":"https:\/\/bluejays.fr\/?p=1639","url_meta":{"origin":2654,"position":1},"title":"3\u00b0 journ\u00e9e de Coupe d&rsquo;Automne 12U 2016 : Montendre \/ St Aubin","author":"Caro","date":"11\/11\/2016","format":false,"excerpt":"Salut \u00e0 tous, Samedi dernier nos 12U se sont d\u00e9plac\u00e9s sur les terres des Drozers de Montendre pour le compte de la 3\u00b0 journ\u00e9e de Coupe d'Automne de Baseball. Une journ\u00e9e d\u00e9cisive pour prendre la premi\u00e8re place du groupe puisque les Drozers sont \u00e0 ce moment l\u00e0 \u00e0 5 victoires\u2026","rel":"","context":"Dans &quot;Baseball Jeunes&quot;","block_context":{"text":"Baseball Jeunes","link":"https:\/\/bluejays.fr\/?cat=7"},"img":{"alt_text":"","src":"https:\/\/i0.wp.com\/bluejays.fr\/wp-content\/uploads\/2016\/11\/20161105_161754-Copier.jpg?fit=924%2C520&ssl=1&resize=350%2C200","width":350,"height":200,"srcset":"https:\/\/i0.wp.com\/bluejays.fr\/wp-content\/uploads\/2016\/11\/20161105_161754-Copier.jpg?fit=924%2C520&ssl=1&resize=350%2C200 1x, https:\/\/i0.wp.com\/bluejays.fr\/wp-content\/uploads\/2016\/11\/20161105_161754-Copier.jpg?fit=924%2C520&ssl=1&resize=525%2C300 1.5x, https:\/\/i0.wp.com\/bluejays.fr\/wp-content\/uploads\/2016\/11\/20161105_161754-Copier.jpg?fit=924%2C520&ssl=1&resize=700%2C400 2x"},"classes":[]},{"id":2099,"url":"https:\/\/bluejays.fr\/?p=2099","url_meta":{"origin":2654,"position":2},"title":"2\u00b0 journ\u00e9e des Automne Series","author":"Fred","date":"20\/11\/2017","format":false,"excerpt":"Bonjour \u00e0 toutes et \u00e0 tous Ce dimanche 19 novembre notre \u00e9quipe R2 s'est d\u00e9plac\u00e9e \u00e0 Eysines pour la deuxi\u00e8me journ\u00e9e des automne series. Notre premier match commence \u00e0 10h, le soleil est au rendez vous, et l'\u00e9quipe d'Eysines pr\u00eate \u00e0 nous accueillir, let's playball !!! La 1er manche commence\u2026","rel":"","context":"Dans &quot;Baseball Senior&quot;","block_context":{"text":"Baseball Senior","link":"https:\/\/bluejays.fr\/?cat=6"},"img":{"alt_text":"","src":"https:\/\/i0.wp.com\/bluejays.fr\/wp-content\/uploads\/2017\/11\/IMG-20171115-WA0002.jpg?fit=675%2C1200&ssl=1&resize=350%2C200","width":350,"height":200,"srcset":"https:\/\/i0.wp.com\/bluejays.fr\/wp-content\/uploads\/2017\/11\/IMG-20171115-WA0002.jpg?fit=675%2C1200&ssl=1&resize=350%2C200 1x, https:\/\/i0.wp.com\/bluejays.fr\/wp-content\/uploads\/2017\/11\/IMG-20171115-WA0002.jpg?fit=675%2C1200&ssl=1&resize=525%2C300 1.5x"},"classes":[]},{"id":1606,"url":"https:\/\/bluejays.fr\/?p=1606","url_meta":{"origin":2654,"position":3},"title":"3\u00b0 journ\u00e9e Coupe d&rsquo;Automne 15U ; Pessac Panth\u00e8res \/ St Aubin Blue Jays","author":"Caro","date":"30\/10\/2016","format":false,"excerpt":"Salut \u00e0 tous, Ce samedi nos 15U \u00e9taient en d\u00e9placement chez nos voisins Pessacais, au programme 3 confrontations en mode Softball. H\u00e9las tout d\u00e9bute mal avant m\u00eame d'avoir commenc\u00e9 puisque nos Jays ne sont que 7 au rendez vous, entre vacances scolaires et blessures, notre effectif est d\u00e9cim\u00e9 ! Nous\u2026","rel":"","context":"Dans &quot;Plus d'articles&quot;","block_context":{"text":"Plus d'articles","link":"https:\/\/bluejays.fr\/?cat=1"},"img":{"alt_text":"","src":"https:\/\/i0.wp.com\/bluejays.fr\/wp-content\/uploads\/2016\/10\/29102016-IMG_8684-Copier.jpg?fit=924%2C616&ssl=1&resize=350%2C200","width":350,"height":200,"srcset":"https:\/\/i0.wp.com\/bluejays.fr\/wp-content\/uploads\/2016\/10\/29102016-IMG_8684-Copier.jpg?fit=924%2C616&ssl=1&resize=350%2C200 1x, https:\/\/i0.wp.com\/bluejays.fr\/wp-content\/uploads\/2016\/10\/29102016-IMG_8684-Copier.jpg?fit=924%2C616&ssl=1&resize=525%2C300 1.5x, https:\/\/i0.wp.com\/bluejays.fr\/wp-content\/uploads\/2016\/10\/29102016-IMG_8684-Copier.jpg?fit=924%2C616&ssl=1&resize=700%2C400 2x"},"classes":[]},{"id":1695,"url":"https:\/\/bluejays.fr\/?p=1695","url_meta":{"origin":2654,"position":4},"title":"Coupe d&rsquo;Aquitaine 12U 2016 !!","author":"Caro","date":"07\/12\/2016","format":false,"excerpt":"Salut \u00e0 tous, retour sur cette superbe journ\u00e9e du dimanche 27 novembre au cours de laquelle notre club a re\u00e7u la Coupe d'Aquitaine de Baseball 12U pour sa premi\u00e8re \u00e9dition en mode Nouvelle Aquitaine, et le moins que l'on puisse dire, c'est qu'il y a eu du monde sur le\u2026","rel":"","context":"Dans &quot;Baseball Jeunes&quot;","block_context":{"text":"Baseball Jeunes","link":"https:\/\/bluejays.fr\/?cat=7"},"img":{"alt_text":"","src":"https:\/\/i0.wp.com\/bluejays.fr\/wp-content\/uploads\/2016\/12\/DSC_0136-Copier.jpg?fit=964%2C638&ssl=1&resize=350%2C200","width":350,"height":200,"srcset":"https:\/\/i0.wp.com\/bluejays.fr\/wp-content\/uploads\/2016\/12\/DSC_0136-Copier.jpg?fit=964%2C638&ssl=1&resize=350%2C200 1x, https:\/\/i0.wp.com\/bluejays.fr\/wp-content\/uploads\/2016\/12\/DSC_0136-Copier.jpg?fit=964%2C638&ssl=1&resize=525%2C300 1.5x, https:\/\/i0.wp.com\/bluejays.fr\/wp-content\/uploads\/2016\/12\/DSC_0136-Copier.jpg?fit=964%2C638&ssl=1&resize=700%2C400 2x"},"classes":[]},{"id":2231,"url":"https:\/\/bluejays.fr\/?p=2231","url_meta":{"origin":2654,"position":5},"title":"Opening Day 9U \u00e0 Bo\u00e9 Bon-Encontre","author":"Caro","date":"01\/04\/2018","format":false,"excerpt":"Bonjour \u00e0 tous, Nos 9U \u00e9taient \u00e0 Bo\u00e9 ce samedi 24 mars pour le premier plateau du championnat de cette saison 2018. 7 \u00ab\u00a0p'tits Jays\u00a0\u00bb \u00e9taient pr\u00e9sents sous un ciel tr\u00e8s gris, mais avec une m\u00e9t\u00e9o heureusement sans pluie. Nos 2 amis Pessacais (M\u00e9r\u00e9dith et Ewen), avec lesquels nos jeunes\u2026","rel":"","context":"Dans &quot;Plus d'articles&quot;","block_context":{"text":"Plus d'articles","link":"https:\/\/bluejays.fr\/?cat=1"},"img":{"alt_text":"","src":"https:\/\/i0.wp.com\/bluejays.fr\/wp-content\/uploads\/2018\/04\/Photo-de-groupe-e1522608553545.jpg?fit=960%2C616&ssl=1&resize=350%2C200","width":350,"height":200,"srcset":"https:\/\/i0.wp.com\/bluejays.fr\/wp-content\/uploads\/2018\/04\/Photo-de-groupe-e1522608553545.jpg?fit=960%2C616&ssl=1&resize=350%2C200 1x, https:\/\/i0.wp.com\/bluejays.fr\/wp-content\/uploads\/2018\/04\/Photo-de-groupe-e1522608553545.jpg?fit=960%2C616&ssl=1&resize=525%2C300 1.5x, https:\/\/i0.wp.com\/bluejays.fr\/wp-content\/uploads\/2018\/04\/Photo-de-groupe-e1522608553545.jpg?fit=960%2C616&ssl=1&resize=700%2C400 2x"},"classes":[]}],"jetpack_sharing_enabled":true,"_links":{"self":[{"href":"https:\/\/bluejays.fr\/index.php?rest_route=\/wp\/v2\/posts\/2654","targetHints":{"allow":["GET"]}}],"collection":[{"href":"https:\/\/bluejays.fr\/index.php?rest_route=\/wp\/v2\/posts"}],"about":[{"href":"https:\/\/bluejays.fr\/index.php?rest_route=\/wp\/v2\/types\/post"}],"author":[{"embeddable":true,"href":"https:\/\/bluejays.fr\/index.php?rest_route=\/wp\/v2\/users\/3"}],"replies":[{"embeddable":true,"href":"https:\/\/bluejays.fr\/index.php?rest_route=%2Fwp%2Fv2%2Fcomments&post=2654"}],"version-history":[{"count":2,"href":"https:\/\/bluejays.fr\/index.php?rest_route=\/wp\/v2\/posts\/2654\/revisions"}],"predecessor-version":[{"id":2659,"href":"https:\/\/bluejays.fr\/index.php?rest_route=\/wp\/v2\/posts\/2654\/revisions\/2659"}],"wp:featuredmedia":[{"embeddable":true,"href":"https:\/\/bluejays.fr\/index.php?rest_route=\/wp\/v2\/media\/2618"}],"wp:attachment":[{"href":"https:\/\/bluejays.fr\/index.php?rest_route=%2Fwp%2Fv2%2Fmedia&parent=2654"}],"wp:term":[{"taxonomy":"category","embeddable":true,"href":"https:\/\/bluejays.fr\/index.php?rest_route=%2Fwp%2Fv2%2Fcategories&post=2654"},{"taxonomy":"post_tag","embeddable":true,"href":"https:\/\/bluejays.fr\/index.php?rest_route=%2Fwp%2Fv2%2Ftags&post=2654"}],"curies":[{"name":"wp","href":"https:\/\/api.w.org\/{rel}","templated":true}]}}