{"id":2643,"date":"2019-05-16T22:56:51","date_gmt":"2019-05-16T20:56:51","guid":{"rendered":"http:\/\/bluejays.fr\/?p=2643"},"modified":"2019-05-16T22:56:59","modified_gmt":"2019-05-16T20:56:59","slug":"les-9u-toujours-invaincus","status":"publish","type":"post","link":"https:\/\/bluejays.fr\/?p=2643","title":{"rendered":"Les 9U toujours invaincus !"},"content":{"rendered":"\n<p>Les journ\u00e9es passent et se ressemblent pour les 9U&nbsp;!!\nEn d\u00e9placement \u00e0 Anglet nos petits Jays restent invaincus&nbsp;! <\/p>\n\n\n\n<p>Le premier match \u00e9tait pour se chauffer, ils ont affront\u00e9\nles Gambas avec de tr\u00e8s belles actions de jeux qui sont de plus en plus sures,&nbsp;comme\nl\u2019attrap\u00e9 de Cl\u00e9ment en foul ball le long de la ligne avec un petit diving\ncatch! Cela se voit dans le r\u00e9sultat qui est de 20 \u00e0 10.<\/p>\n\n\n\n<p>Le deuxi\u00e8me match contre le Porge a aussi \u00e9t\u00e9 une succession\nde belles frappes et de beaux jeux. Les Jays ne se sont pas rel\u00e2ch\u00e9s devant\ncette jeune \u00e9quipe et ont scor\u00e9 19 points \u00e0 6.<\/p>\n\n\n\n<p>Apr\u00e8s une pause repas, le dernier match de classement et le\nmatch entre le second et le troisi\u00e8me, les Jays ont affront\u00e9 de nouveau les Gambas.\nIl a \u00e9t\u00e9 plus dur de rentrer dans ce match apr\u00e8s cette pause de 3h, mais les Jays\nont repris les reines des la deuxi\u00e8me manche avec deux attrap\u00e9s de vol\u00e9e\ncons\u00e9cutifs par Evan en premi\u00e8re base, et remportent donc la finale 14 \u00e0\n5&nbsp;!<\/p>\n\n\n\n<p>Prochain tournoi le 25 mai direction le Porge\u00a0!!!<\/p>\n\n\n\n<p>Jules<\/p>\n\n\n\n<p>Revivez cette journ\u00e9e en visionnant l&rsquo;album photo d\u00e9di\u00e9 : <a href=\"https:\/\/photos.app.goo.gl\/UAxfYJ2sEUDRgwfB8\">https:\/\/photos.app.goo.gl\/UAxfYJ2sEUDRgwfB8<\/a><\/p>\n","protected":false},"excerpt":{"rendered":"<p>Les journ\u00e9es passent et se ressemblent pour les 9U&nbsp;!! En d\u00e9placement \u00e0 Anglet nos petits Jays restent invaincus&nbsp;! Le premier match \u00e9tait pour se chauffer, ils ont affront\u00e9 les Gambas avec de tr\u00e8s belles actions de jeux qui sont de plus en plus sures,&nbsp;comme l\u2019attrap\u00e9 de Cl\u00e9ment en foul ball le long de la ligne<\/p>\n<p><a class=\"read-more\" href=\"https:\/\/bluejays.fr\/?p=2643\"> Lire Plus&#8230;<\/a><\/p>\n","protected":false},"author":3,"featured_media":2459,"comment_status":"closed","ping_status":"closed","sticky":false,"template":"","format":"standard","meta":{"_bbp_topic_count":0,"_bbp_reply_count":0,"_bbp_total_topic_count":0,"_bbp_total_reply_count":0,"_bbp_voice_count":0,"_bbp_anonymous_reply_count":0,"_bbp_topic_count_hidden":0,"_bbp_reply_count_hidden":0,"_bbp_forum_subforum_count":0,"_monsterinsights_skip_tracking":false,"_monsterinsights_sitenote_active":false,"_monsterinsights_sitenote_note":"","_monsterinsights_sitenote_category":0,"_uf_show_specific_survey":0,"_uf_disable_surveys":false,"jetpack_post_was_ever_published":false,"_jetpack_newsletter_access":"","_jetpack_dont_email_post_to_subs":false,"_jetpack_newsletter_tier_id":0,"_jetpack_memberships_contains_paywalled_content":false,"_jetpack_memberships_contains_paid_content":false,"footnotes":""},"categories":[7],"tags":[],"class_list":["post-2643","post","type-post","status-publish","format-standard","has-post-thumbnail","hentry","category-baseball-jeune"],"aioseo_notices":[],"jetpack_featured_media_url":"https:\/\/i0.wp.com\/bluejays.fr\/wp-content\/uploads\/2019\/02\/9U.site_.bandeau.jpg?fit=1000%2C428&ssl=1","jetpack_shortlink":"https:\/\/wp.me\/p7l0w0-GD","jetpack-related-posts":[{"id":2646,"url":"https:\/\/bluejays.fr\/?p=2646","url_meta":{"origin":2643,"position":0},"title":"9U &#8211; 25 mai 2019 : tournoi au Porge","author":"Caro","date":"30\/05\/2019","format":false,"excerpt":"Nos \u00ab p\u2019tit Jays \u00bb \u00e9taient au Porge samedi 25 mai pour d\u00e9fendre leur titre d\u2019\u00e9quipe invaincue \u00e0 l\u2019occasion de la derni\u00e8re journ\u00e9e du championnat 9U. Etaient pr\u00e9sents : Evan, Luc, Elliott, Cl\u00e9ment et Marco, renforc\u00e9s par nos 3 amis pessacais : Ewen, Jos\u00e9phine et R\u00e9mi avec qui l\u2019entente fonctionne\u2026","rel":"","context":"Dans &quot;Baseball Jeunes&quot;","block_context":{"text":"Baseball Jeunes","link":"https:\/\/bluejays.fr\/?cat=7"},"img":{"alt_text":"","src":"https:\/\/i0.wp.com\/bluejays.fr\/wp-content\/uploads\/2019\/02\/9U.site_.bandeau.jpg?fit=1000%2C428&ssl=1&resize=350%2C200","width":350,"height":200,"srcset":"https:\/\/i0.wp.com\/bluejays.fr\/wp-content\/uploads\/2019\/02\/9U.site_.bandeau.jpg?fit=1000%2C428&ssl=1&resize=350%2C200 1x, https:\/\/i0.wp.com\/bluejays.fr\/wp-content\/uploads\/2019\/02\/9U.site_.bandeau.jpg?fit=1000%2C428&ssl=1&resize=525%2C300 1.5x, https:\/\/i0.wp.com\/bluejays.fr\/wp-content\/uploads\/2019\/02\/9U.site_.bandeau.jpg?fit=1000%2C428&ssl=1&resize=700%2C400 2x"},"classes":[]},{"id":2231,"url":"https:\/\/bluejays.fr\/?p=2231","url_meta":{"origin":2643,"position":1},"title":"Opening Day 9U \u00e0 Bo\u00e9 Bon-Encontre","author":"Caro","date":"01\/04\/2018","format":false,"excerpt":"Bonjour \u00e0 tous, Nos 9U \u00e9taient \u00e0 Bo\u00e9 ce samedi 24 mars pour le premier plateau du championnat de cette saison 2018. 7 \u00ab\u00a0p'tits Jays\u00a0\u00bb \u00e9taient pr\u00e9sents sous un ciel tr\u00e8s gris, mais avec une m\u00e9t\u00e9o heureusement sans pluie. Nos 2 amis Pessacais (M\u00e9r\u00e9dith et Ewen), avec lesquels nos jeunes\u2026","rel":"","context":"Dans &quot;Plus d'articles&quot;","block_context":{"text":"Plus d'articles","link":"https:\/\/bluejays.fr\/?cat=1"},"img":{"alt_text":"","src":"https:\/\/i0.wp.com\/bluejays.fr\/wp-content\/uploads\/2018\/04\/Photo-de-groupe-e1522608553545.jpg?fit=960%2C616&ssl=1&resize=350%2C200","width":350,"height":200,"srcset":"https:\/\/i0.wp.com\/bluejays.fr\/wp-content\/uploads\/2018\/04\/Photo-de-groupe-e1522608553545.jpg?fit=960%2C616&ssl=1&resize=350%2C200 1x, https:\/\/i0.wp.com\/bluejays.fr\/wp-content\/uploads\/2018\/04\/Photo-de-groupe-e1522608553545.jpg?fit=960%2C616&ssl=1&resize=525%2C300 1.5x, https:\/\/i0.wp.com\/bluejays.fr\/wp-content\/uploads\/2018\/04\/Photo-de-groupe-e1522608553545.jpg?fit=960%2C616&ssl=1&resize=700%2C400 2x"},"classes":[]},{"id":1511,"url":"https:\/\/bluejays.fr\/?p=1511","url_meta":{"origin":2643,"position":2},"title":"2\u00b0 journ\u00e9e Championnat d&rsquo;Aquitaine 12U !","author":"Caro","date":"13\/04\/2016","format":false,"excerpt":"Salut \u00e0 tous, Retour sur la deuxi\u00e8me journ\u00e9e du championnat d'Aquitaine 12U au cours duquel nos jeunes Blue Jays ont re\u00e7u pour l'occasion l'entente La Teste \/ Anglet. Apr\u00e8s une entame plus que poussive dans le premier match, nos Jays emmen\u00e9s par Esteban Briones sur le monticule r\u00e9alisent une bonne\u2026","rel":"","context":"Dans &quot;Baseball Jeunes&quot;","block_context":{"text":"Baseball Jeunes","link":"https:\/\/bluejays.fr\/?cat=7"},"img":{"alt_text":"","src":"https:\/\/i0.wp.com\/bluejays.fr\/wp-content\/uploads\/2016\/04\/DSC_0188-Copier.jpg?fit=924%2C616&ssl=1&resize=350%2C200","width":350,"height":200,"srcset":"https:\/\/i0.wp.com\/bluejays.fr\/wp-content\/uploads\/2016\/04\/DSC_0188-Copier.jpg?fit=924%2C616&ssl=1&resize=350%2C200 1x, https:\/\/i0.wp.com\/bluejays.fr\/wp-content\/uploads\/2016\/04\/DSC_0188-Copier.jpg?fit=924%2C616&ssl=1&resize=525%2C300 1.5x, https:\/\/i0.wp.com\/bluejays.fr\/wp-content\/uploads\/2016\/04\/DSC_0188-Copier.jpg?fit=924%2C616&ssl=1&resize=700%2C400 2x"},"classes":[]},{"id":2256,"url":"https:\/\/bluejays.fr\/?p=2256","url_meta":{"origin":2643,"position":3},"title":"3\u00b0 journ\u00e9e 15U : fin de s\u00e9rie pour nos Jays !","author":"Fred","date":"27\/04\/2018","format":false,"excerpt":"Salut \u00e0 tous, ce samedi 21 avril nos 15U ont re\u00e7u les Gambas d'Anglet pour le compte de la 3\u00b0 journ\u00e9e du Championnat d'Aquitaine ; en pleine p\u00e9riode de vacances notre effectif a \u00e9t\u00e9 d\u00e9cim\u00e9, seuls 8 Blue Jays pr\u00e9sents pour cette journ\u00e9e et d\u00e9j\u00e0 pas mal de bobos \u00e0\u2026","rel":"","context":"Dans &quot;Baseball Jeunes&quot;","block_context":{"text":"Baseball Jeunes","link":"https:\/\/bluejays.fr\/?cat=7"},"img":{"alt_text":"","src":"https:\/\/i0.wp.com\/bluejays.fr\/wp-content\/uploads\/2018\/04\/mms_20180427_220905-e1524864010355.jpg?fit=963%2C465&ssl=1&resize=350%2C200","width":350,"height":200,"srcset":"https:\/\/i0.wp.com\/bluejays.fr\/wp-content\/uploads\/2018\/04\/mms_20180427_220905-e1524864010355.jpg?fit=963%2C465&ssl=1&resize=350%2C200 1x, https:\/\/i0.wp.com\/bluejays.fr\/wp-content\/uploads\/2018\/04\/mms_20180427_220905-e1524864010355.jpg?fit=963%2C465&ssl=1&resize=525%2C300 1.5x, https:\/\/i0.wp.com\/bluejays.fr\/wp-content\/uploads\/2018\/04\/mms_20180427_220905-e1524864010355.jpg?fit=963%2C465&ssl=1&resize=700%2C400 2x"},"classes":[]},{"id":2178,"url":"https:\/\/bluejays.fr\/?p=2178","url_meta":{"origin":2643,"position":4},"title":"Nos 15U terminent leur saison hivernale en beaut\u00e9 !","author":"Fred","date":"19\/02\/2018","format":false,"excerpt":"Dimanche 4 F\u00e9vier, nos 15U avaient rendez-vous en terre Pineuilhaise pour leur dernier tournoi indoor de l\u2019hiver. Trois autres \u00e9quipes nous attendaient, les Indians seront nos premiers adversaires du jour. Un match intense o\u00f9 les Jays et les Indians se rendent coups pour coups. \u00c7a frappe fort mais les jeux\u2026","rel":"","context":"Dans &quot;Baseball Jeunes&quot;","block_context":{"text":"Baseball Jeunes","link":"https:\/\/bluejays.fr\/?cat=7"},"img":{"alt_text":"","src":"https:\/\/i0.wp.com\/bluejays.fr\/wp-content\/uploads\/2018\/02\/20180204_165942-e1519048601513.jpg?fit=963%2C445&ssl=1&resize=350%2C200","width":350,"height":200,"srcset":"https:\/\/i0.wp.com\/bluejays.fr\/wp-content\/uploads\/2018\/02\/20180204_165942-e1519048601513.jpg?fit=963%2C445&ssl=1&resize=350%2C200 1x, https:\/\/i0.wp.com\/bluejays.fr\/wp-content\/uploads\/2018\/02\/20180204_165942-e1519048601513.jpg?fit=963%2C445&ssl=1&resize=525%2C300 1.5x, https:\/\/i0.wp.com\/bluejays.fr\/wp-content\/uploads\/2018\/02\/20180204_165942-e1519048601513.jpg?fit=963%2C445&ssl=1&resize=700%2C400 2x"},"classes":[]},{"id":1673,"url":"https:\/\/bluejays.fr\/?p=1673","url_meta":{"origin":2643,"position":5},"title":"Champion d&rsquo;Automne 12U 2016 !!!","author":"Caro","date":"23\/11\/2016","format":false,"excerpt":"Salut \u00e0 tous, Samedi dernier, toutes les \u00e9quipes finalistes du Championnat d'Automne de la Nouvelle Aquitaine dans les cat\u00e9gories 9U, 12U et 15U se sont retrouv\u00e9es sur Pineuilh afin d'y sacrer leurs vainqueurs ! Nos Blue Jays repr\u00e9sent\u00e9s dans la cat\u00e9gorie 12U sont oppos\u00e9s aux Indians de Bon-Encontre pour leur\u2026","rel":"","context":"Dans &quot;Baseball Jeunes&quot;","block_context":{"text":"Baseball Jeunes","link":"https:\/\/bluejays.fr\/?cat=7"},"img":{"alt_text":"","src":"https:\/\/i0.wp.com\/bluejays.fr\/wp-content\/uploads\/2016\/11\/DSC_0633-Copier-e1479938164827.jpg?fit=921%2C475&ssl=1&resize=350%2C200","width":350,"height":200,"srcset":"https:\/\/i0.wp.com\/bluejays.fr\/wp-content\/uploads\/2016\/11\/DSC_0633-Copier-e1479938164827.jpg?fit=921%2C475&ssl=1&resize=350%2C200 1x, https:\/\/i0.wp.com\/bluejays.fr\/wp-content\/uploads\/2016\/11\/DSC_0633-Copier-e1479938164827.jpg?fit=921%2C475&ssl=1&resize=525%2C300 1.5x, https:\/\/i0.wp.com\/bluejays.fr\/wp-content\/uploads\/2016\/11\/DSC_0633-Copier-e1479938164827.jpg?fit=921%2C475&ssl=1&resize=700%2C400 2x"},"classes":[]}],"jetpack_sharing_enabled":true,"_links":{"self":[{"href":"https:\/\/bluejays.fr\/index.php?rest_route=\/wp\/v2\/posts\/2643","targetHints":{"allow":["GET"]}}],"collection":[{"href":"https:\/\/bluejays.fr\/index.php?rest_route=\/wp\/v2\/posts"}],"about":[{"href":"https:\/\/bluejays.fr\/index.php?rest_route=\/wp\/v2\/types\/post"}],"author":[{"embeddable":true,"href":"https:\/\/bluejays.fr\/index.php?rest_route=\/wp\/v2\/users\/3"}],"replies":[{"embeddable":true,"href":"https:\/\/bluejays.fr\/index.php?rest_route=%2Fwp%2Fv2%2Fcomments&post=2643"}],"version-history":[{"count":1,"href":"https:\/\/bluejays.fr\/index.php?rest_route=\/wp\/v2\/posts\/2643\/revisions"}],"predecessor-version":[{"id":2644,"href":"https:\/\/bluejays.fr\/index.php?rest_route=\/wp\/v2\/posts\/2643\/revisions\/2644"}],"wp:featuredmedia":[{"embeddable":true,"href":"https:\/\/bluejays.fr\/index.php?rest_route=\/wp\/v2\/media\/2459"}],"wp:attachment":[{"href":"https:\/\/bluejays.fr\/index.php?rest_route=%2Fwp%2Fv2%2Fmedia&parent=2643"}],"wp:term":[{"taxonomy":"category","embeddable":true,"href":"https:\/\/bluejays.fr\/index.php?rest_route=%2Fwp%2Fv2%2Fcategories&post=2643"},{"taxonomy":"post_tag","embeddable":true,"href":"https:\/\/bluejays.fr\/index.php?rest_route=%2Fwp%2Fv2%2Ftags&post=2643"}],"curies":[{"name":"wp","href":"https:\/\/api.w.org\/{rel}","templated":true}]}}