{"id":2518,"date":"2019-03-11T23:11:29","date_gmt":"2019-03-11T22:11:29","guid":{"rendered":"http:\/\/bluejays.fr\/?p=2518"},"modified":"2019-03-12T22:07:02","modified_gmt":"2019-03-12T21:07:02","slug":"1-journee-15u-pantheres-vs-blue-jays","status":"publish","type":"post","link":"https:\/\/bluejays.fr\/?p=2518","title":{"rendered":"1\u00b0 journ\u00e9e 15U : Panth\u00e8res vs Blue Jays"},"content":{"rendered":"\n<p>\nLe closing day 2018 ressemblait comme 2 gouttes d\u2019eau, par sa m\u00e9t\u00e9o \nmaussade \u00e0 cet opening day&nbsp;2019! Avec toutefois une diff\u00e9rence notable&nbsp;:\n le closing day \u00e9tait en indoor!!!<\/p>\n\n\n\n<figure class=\"wp-block-image\"><img data-recalc-dims=\"1\" fetchpriority=\"high\" decoding=\"async\" width=\"761\" height=\"428\" data-attachment-id=\"2519\" data-permalink=\"https:\/\/bluejays.fr\/?attachment_id=2519\" data-orig-file=\"https:\/\/i0.wp.com\/bluejays.fr\/wp-content\/uploads\/2019\/03\/DSC_0693-Copier.jpg?fit=761%2C428&amp;ssl=1\" data-orig-size=\"761,428\" data-comments-opened=\"0\" data-image-meta=\"{&quot;aperture&quot;:&quot;2&quot;,&quot;credit&quot;:&quot;&quot;,&quot;camera&quot;:&quot;D6603&quot;,&quot;caption&quot;:&quot;&quot;,&quot;created_timestamp&quot;:&quot;1552131306&quot;,&quot;copyright&quot;:&quot;&quot;,&quot;focal_length&quot;:&quot;4.6&quot;,&quot;iso&quot;:&quot;50&quot;,&quot;shutter_speed&quot;:&quot;0.0008&quot;,&quot;title&quot;:&quot;&quot;,&quot;orientation&quot;:&quot;1&quot;}\" data-image-title=\"DSC_0693 (Copier)\" data-image-description=\"\" data-image-caption=\"\" data-medium-file=\"https:\/\/i0.wp.com\/bluejays.fr\/wp-content\/uploads\/2019\/03\/DSC_0693-Copier.jpg?fit=300%2C169&amp;ssl=1\" data-large-file=\"https:\/\/i0.wp.com\/bluejays.fr\/wp-content\/uploads\/2019\/03\/DSC_0693-Copier.jpg?fit=761%2C428&amp;ssl=1\" src=\"https:\/\/i0.wp.com\/bluejays.fr\/wp-content\/uploads\/2019\/03\/DSC_0693-Copier.jpg?resize=761%2C428\" alt=\"\" class=\"wp-image-2519\" srcset=\"https:\/\/i0.wp.com\/bluejays.fr\/wp-content\/uploads\/2019\/03\/DSC_0693-Copier.jpg?w=761&amp;ssl=1 761w, https:\/\/i0.wp.com\/bluejays.fr\/wp-content\/uploads\/2019\/03\/DSC_0693-Copier.jpg?resize=300%2C169&amp;ssl=1 300w\" sizes=\"(max-width: 761px) 100vw, 761px\" \/><\/figure>\n\n\n\n<p style=\"text-align:left\"> Rendez-vous donc \u00e0 Pessac pour affronter&nbsp; les \u00e9l\u00e9ments naturels\u2026 et les Panth\u00e8res. <\/p>\n\n\n\n<p>\nAvant toute chose, \u00e0 noter comme \u00e9v\u00e8nement particuli\u00e8rement \nsignificatif, le nouvel habit de lumi\u00e8re&nbsp;de l\u2019\u00e9quipe! Malgr\u00e9 la faible \nluminosit\u00e9 de la journ\u00e9e, le c\u00f4t\u00e9 artistique de notre jeune photographe,\n Simon (15) associ\u00e9 au top model Samuel (3) ont permis\n la r\u00e9alisation d\u2019une magnifique photo. <\/p>\n\n\n\n<figure class=\"wp-block-image\"><img data-recalc-dims=\"1\" decoding=\"async\" width=\"762\" height=\"428\" data-attachment-id=\"2520\" data-permalink=\"https:\/\/bluejays.fr\/?attachment_id=2520\" data-orig-file=\"https:\/\/i0.wp.com\/bluejays.fr\/wp-content\/uploads\/2019\/03\/P1010322-Copier.jpg?fit=762%2C428&amp;ssl=1\" data-orig-size=\"762,428\" data-comments-opened=\"0\" data-image-meta=\"{&quot;aperture&quot;:&quot;3.5&quot;,&quot;credit&quot;:&quot;&quot;,&quot;camera&quot;:&quot;DMC-FZ300&quot;,&quot;caption&quot;:&quot;&quot;,&quot;created_timestamp&quot;:&quot;1552139355&quot;,&quot;copyright&quot;:&quot;&quot;,&quot;focal_length&quot;:&quot;6.6&quot;,&quot;iso&quot;:&quot;100&quot;,&quot;shutter_speed&quot;:&quot;0.00625&quot;,&quot;title&quot;:&quot;&quot;,&quot;orientation&quot;:&quot;1&quot;}\" data-image-title=\"P1010322 (Copier)\" data-image-description=\"\" data-image-caption=\"\" data-medium-file=\"https:\/\/i0.wp.com\/bluejays.fr\/wp-content\/uploads\/2019\/03\/P1010322-Copier.jpg?fit=300%2C169&amp;ssl=1\" data-large-file=\"https:\/\/i0.wp.com\/bluejays.fr\/wp-content\/uploads\/2019\/03\/P1010322-Copier.jpg?fit=762%2C428&amp;ssl=1\" src=\"https:\/\/i0.wp.com\/bluejays.fr\/wp-content\/uploads\/2019\/03\/P1010322-Copier.jpg?resize=762%2C428\" alt=\"\" class=\"wp-image-2520\" srcset=\"https:\/\/i0.wp.com\/bluejays.fr\/wp-content\/uploads\/2019\/03\/P1010322-Copier.jpg?w=762&amp;ssl=1 762w, https:\/\/i0.wp.com\/bluejays.fr\/wp-content\/uploads\/2019\/03\/P1010322-Copier.jpg?resize=300%2C169&amp;ssl=1 300w\" sizes=\"(max-width: 762px) 100vw, 762px\" \/><\/figure>\n\n\n\n<p>L\u2019effectif tr\u00e8s r\u00e9duit et la jeunesse des Panth\u00e8res, face \u00e0 l\u2019exp\u00e9rience et la solidit\u00e9 de l\u2019\u00e9quipe des Blue Jays ont rendu le match d\u00e9contract\u00e9 et sans enjeu particulier, permettant de d\u00e9rouiller les bras englu\u00e9s dans la p\u00e9riode hivernale, int\u00e9grer les rookies en 15 U et r\u00e9aliser quelques video en immersif. Merci aux coachs et arbitres de l\u2019avoir autoris\u00e9, cela permettra aux parents de voir quelques actions telles que les ont v\u00e9cues nos enfants : <\/p>\n\n\n\n<p><a href=\"https:\/\/photos.app.goo.gl\/wHLJbc7vECJeG1vW7\">https:\/\/photos.app.goo.gl\/wHLJbc7vECJeG1vW7<\/a><\/p>\n\n\n\n<p>\nAu tableau de cette journ\u00e9e, de beaux lancers, de belles frappes, de \nbeaux catchs, de belles relances, de belles courses, de beaux retraits \net m\u00eame, malgr\u00e9 l\u2019\u00e9tat du terrain de beaux slides! Le tout sous un \nsourire permanent et au travers d\u2019une belle entente\n entre les joueurs. Cela nous a permis d\u2019oublier la grisaille et laisse \naugurer une belle saison&nbsp;!&nbsp;\n<\/p>\n\n\n\n<figure class=\"wp-block-image\"><img data-recalc-dims=\"1\" decoding=\"async\" width=\"761\" height=\"428\" data-attachment-id=\"2521\" data-permalink=\"https:\/\/bluejays.fr\/?attachment_id=2521\" data-orig-file=\"https:\/\/i0.wp.com\/bluejays.fr\/wp-content\/uploads\/2019\/03\/DSC_0690-Copier.jpg?fit=761%2C428&amp;ssl=1\" data-orig-size=\"761,428\" data-comments-opened=\"0\" data-image-meta=\"{&quot;aperture&quot;:&quot;2&quot;,&quot;credit&quot;:&quot;&quot;,&quot;camera&quot;:&quot;D6603&quot;,&quot;caption&quot;:&quot;&quot;,&quot;created_timestamp&quot;:&quot;1552127607&quot;,&quot;copyright&quot;:&quot;&quot;,&quot;focal_length&quot;:&quot;4.6&quot;,&quot;iso&quot;:&quot;64&quot;,&quot;shutter_speed&quot;:&quot;0.008&quot;,&quot;title&quot;:&quot;&quot;,&quot;orientation&quot;:&quot;1&quot;}\" data-image-title=\"DSC_0690 (Copier)\" data-image-description=\"\" data-image-caption=\"\" data-medium-file=\"https:\/\/i0.wp.com\/bluejays.fr\/wp-content\/uploads\/2019\/03\/DSC_0690-Copier.jpg?fit=300%2C169&amp;ssl=1\" data-large-file=\"https:\/\/i0.wp.com\/bluejays.fr\/wp-content\/uploads\/2019\/03\/DSC_0690-Copier.jpg?fit=761%2C428&amp;ssl=1\" src=\"https:\/\/i0.wp.com\/bluejays.fr\/wp-content\/uploads\/2019\/03\/DSC_0690-Copier.jpg?resize=761%2C428\" alt=\"\" class=\"wp-image-2521\" srcset=\"https:\/\/i0.wp.com\/bluejays.fr\/wp-content\/uploads\/2019\/03\/DSC_0690-Copier.jpg?w=761&amp;ssl=1 761w, https:\/\/i0.wp.com\/bluejays.fr\/wp-content\/uploads\/2019\/03\/DSC_0690-Copier.jpg?resize=300%2C169&amp;ssl=1 300w\" sizes=\"(max-width: 761px) 100vw, 761px\" \/><\/figure>\n\n\n\n<p> Vous pouvez retrouver les photos de cette journ\u00e9e ici : <a href=\"https:\/\/photos.app.goo.gl\/wHLJbc7vECJeG1vW7\">https:\/\/photos.app.goo.gl\/wHLJbc7vECJeG1vW7<\/a><\/p>\n\n\n\n<p>A suivre\u2026..<\/p>\n\n\n\n<p>Michel<\/p>\n","protected":false},"excerpt":{"rendered":"<p>Le closing day 2018 ressemblait comme 2 gouttes d\u2019eau, par sa m\u00e9t\u00e9o maussade \u00e0 cet opening day&nbsp;2019! Avec toutefois une diff\u00e9rence notable&nbsp;: le closing day \u00e9tait en indoor!!! Rendez-vous donc \u00e0 Pessac pour affronter&nbsp; les \u00e9l\u00e9ments naturels\u2026 et les Panth\u00e8res. Avant toute chose, \u00e0 noter comme \u00e9v\u00e8nement particuli\u00e8rement significatif, le nouvel habit de lumi\u00e8re&nbsp;de l\u2019\u00e9quipe!<\/p>\n<p><a class=\"read-more\" href=\"https:\/\/bluejays.fr\/?p=2518\"> Lire Plus&#8230;<\/a><\/p>\n","protected":false},"author":11,"featured_media":2526,"comment_status":"closed","ping_status":"closed","sticky":false,"template":"","format":"standard","meta":{"_bbp_topic_count":0,"_bbp_reply_count":0,"_bbp_total_topic_count":0,"_bbp_total_reply_count":0,"_bbp_voice_count":0,"_bbp_anonymous_reply_count":0,"_bbp_topic_count_hidden":0,"_bbp_reply_count_hidden":0,"_bbp_forum_subforum_count":0,"_monsterinsights_skip_tracking":false,"_monsterinsights_sitenote_active":false,"_monsterinsights_sitenote_note":"","_monsterinsights_sitenote_category":0,"_uf_show_specific_survey":0,"_uf_disable_surveys":false,"jetpack_post_was_ever_published":false,"_jetpack_newsletter_access":"","_jetpack_dont_email_post_to_subs":false,"_jetpack_newsletter_tier_id":0,"_jetpack_memberships_contains_paywalled_content":false,"_jetpack_memberships_contains_paid_content":false,"footnotes":""},"categories":[7],"tags":[],"class_list":["post-2518","post","type-post","status-publish","format-standard","has-post-thumbnail","hentry","category-baseball-jeune"],"aioseo_notices":[],"jetpack_featured_media_url":"https:\/\/i0.wp.com\/bluejays.fr\/wp-content\/uploads\/2019\/03\/20190309_214602-e1552342083966.jpg?fit=963%2C508&ssl=1","jetpack_shortlink":"https:\/\/wp.me\/p7l0w0-EC","jetpack-related-posts":[{"id":1189,"url":"https:\/\/bluejays.fr\/?p=1189","url_meta":{"origin":2518,"position":0},"title":"N 1 : Les Blue Jays vs Panth\u00e8res de Pessac le 24 Mai","author":"Caro","date":"20\/05\/2015","format":false,"excerpt":"\u00a0 Pour le compte de la 6\u00e8me journ\u00e9e du championnat de France Nationale 1, les Blue Jays de Saint Aubin re\u00e7oivent les Panth\u00e8res de Pessac\u00a0pour 2 matchs le dimanche 24\u00a0mai 2015. 1er match 11h et 2nd 14h au terrain de baseball de Saint Aubin. Venez nombreux encourager nos Blue Jays\u2026","rel":"","context":"Dans &quot;Baseball Senior&quot;","block_context":{"text":"Baseball Senior","link":"https:\/\/bluejays.fr\/?cat=6"},"img":{"alt_text":"","src":"https:\/\/i0.wp.com\/bluejays.fr\/wp-content\/uploads\/2015\/04\/nationale.1.964x428.jpg?fit=964%2C428&ssl=1&resize=350%2C200","width":350,"height":200,"srcset":"https:\/\/i0.wp.com\/bluejays.fr\/wp-content\/uploads\/2015\/04\/nationale.1.964x428.jpg?fit=964%2C428&ssl=1&resize=350%2C200 1x, https:\/\/i0.wp.com\/bluejays.fr\/wp-content\/uploads\/2015\/04\/nationale.1.964x428.jpg?fit=964%2C428&ssl=1&resize=525%2C300 1.5x, https:\/\/i0.wp.com\/bluejays.fr\/wp-content\/uploads\/2015\/04\/nationale.1.964x428.jpg?fit=964%2C428&ssl=1&resize=700%2C400 2x"},"classes":[]},{"id":1038,"url":"https:\/\/bluejays.fr\/?p=1038","url_meta":{"origin":2518,"position":1},"title":"Opening day 12U : Blue Alouettes vs Panth\u00e8res !","author":"Caro","date":"24\/03\/2015","format":false,"excerpt":"Salut \u00e0 tous, retour sur cette premi\u00e8re journ\u00e9e de championnat 12U qui s'est jou\u00e9e le samedi 14 mars sur notre magnifique terrain. Pour l'occasion nos Blue Alouettes accueillent les Panth\u00e8res de Pessac pour 3 rencontres au sommet ! Dans le premier match, nos Blue Alouettes vont s'appuyer sur un bon\u2026","rel":"","context":"Dans &quot;Baseball Jeunes&quot;","block_context":{"text":"Baseball Jeunes","link":"https:\/\/bluejays.fr\/?cat=7"},"img":{"alt_text":"","src":"https:\/\/i0.wp.com\/bluejays.fr\/wp-content\/uploads\/2015\/03\/DSC_0272-Copier.jpg?fit=428%2C285&ssl=1&resize=350%2C200","width":350,"height":200},"classes":[]},{"id":863,"url":"https:\/\/bluejays.fr\/?p=863","url_meta":{"origin":2518,"position":2},"title":"Indoor Pessac 12U","author":"Caro","date":"24\/01\/2015","format":false,"excerpt":"Salut \u00e0 tous, retour sur la participation de nos 12U au tournoi indoor de Pessac de dimanche dernier au cours duquel nous sommes all\u00e9s d\u00e9fier les Panth\u00e8res de Pessac, les Gambas d'Anglet et les Pitcher's de Pineuilh ! pour le premier match de cette journ\u00e9e, notre team \"Blue Alouettes\" affronte\u2026","rel":"","context":"Dans &quot;Baseball Jeunes&quot;","block_context":{"text":"Baseball Jeunes","link":"https:\/\/bluejays.fr\/?cat=7"},"img":{"alt_text":"","src":"https:\/\/i0.wp.com\/bluejays.fr\/wp-content\/uploads\/2015\/01\/DSC_0264-Copier-e1426501677816.jpg?fit=965%2C427&ssl=1&resize=350%2C200","width":350,"height":200,"srcset":"https:\/\/i0.wp.com\/bluejays.fr\/wp-content\/uploads\/2015\/01\/DSC_0264-Copier-e1426501677816.jpg?fit=965%2C427&ssl=1&resize=350%2C200 1x, https:\/\/i0.wp.com\/bluejays.fr\/wp-content\/uploads\/2015\/01\/DSC_0264-Copier-e1426501677816.jpg?fit=965%2C427&ssl=1&resize=525%2C300 1.5x, https:\/\/i0.wp.com\/bluejays.fr\/wp-content\/uploads\/2015\/01\/DSC_0264-Copier-e1426501677816.jpg?fit=965%2C427&ssl=1&resize=700%2C400 2x"},"classes":[]},{"id":1091,"url":"https:\/\/bluejays.fr\/?p=1091","url_meta":{"origin":2518,"position":3},"title":"Les R\u00e9sultats du Week-end !","author":"Caro","date":"20\/04\/2015","format":false,"excerpt":"Tout d'abord revenons sur la journ\u00e9e de Samedi 18\u00a0avril\u00a0durant laquelle nos jeunes 12U en entente avec la Force reviennent victorieux contre les Angels de P\u00e9rigueux. Pas moins de 3 victoires !\u00a07 \u00e0 6 dans le premier match,\u00a012 \u00e0 8 dans le deuxi\u00e8me et pour finir en beaut\u00e9\u00a012 a 8 \u00e9galement\u2026","rel":"","context":"Dans &quot;Baseball Jeunes&quot;","block_context":{"text":"Baseball Jeunes","link":"https:\/\/bluejays.fr\/?cat=7"},"img":{"alt_text":"","src":"https:\/\/i0.wp.com\/bluejays.fr\/wp-content\/uploads\/2015\/04\/103612855_o1-e1429548457435.jpg?fit=963%2C426&ssl=1&resize=350%2C200","width":350,"height":200,"srcset":"https:\/\/i0.wp.com\/bluejays.fr\/wp-content\/uploads\/2015\/04\/103612855_o1-e1429548457435.jpg?fit=963%2C426&ssl=1&resize=350%2C200 1x, https:\/\/i0.wp.com\/bluejays.fr\/wp-content\/uploads\/2015\/04\/103612855_o1-e1429548457435.jpg?fit=963%2C426&ssl=1&resize=525%2C300 1.5x, https:\/\/i0.wp.com\/bluejays.fr\/wp-content\/uploads\/2015\/04\/103612855_o1-e1429548457435.jpg?fit=963%2C426&ssl=1&resize=700%2C400 2x"},"classes":[]},{"id":2540,"url":"https:\/\/bluejays.fr\/?p=2540","url_meta":{"origin":2518,"position":4},"title":"R2 2019 : 2\u00e8me journ\u00e9e : 2 wins !","author":"Caro","date":"12\/03\/2019","format":false,"excerpt":"Dimanche dernier nous avons v\u00e9cu l'inverse de la semaine pr\u00e9c\u00e9dente, un temps \u00e0 ne pas laisser un chien dehors... hormis \u00e7a, on prend les m\u00eame et on recommence et BIM ! Deux victoires de plus dans la musette ! 1er match, le win pour Sylvain Donnet sur un score de\u2026","rel":"","context":"Dans &quot;Baseball Senior&quot;","block_context":{"text":"Baseball Senior","link":"https:\/\/bluejays.fr\/?cat=6"},"img":{"alt_text":"","src":"https:\/\/i0.wp.com\/bluejays.fr\/wp-content\/uploads\/2019\/02\/calendar.R2.site_.jpg?fit=1000%2C428&ssl=1&resize=350%2C200","width":350,"height":200,"srcset":"https:\/\/i0.wp.com\/bluejays.fr\/wp-content\/uploads\/2019\/02\/calendar.R2.site_.jpg?fit=1000%2C428&ssl=1&resize=350%2C200 1x, https:\/\/i0.wp.com\/bluejays.fr\/wp-content\/uploads\/2019\/02\/calendar.R2.site_.jpg?fit=1000%2C428&ssl=1&resize=525%2C300 1.5x, https:\/\/i0.wp.com\/bluejays.fr\/wp-content\/uploads\/2019\/02\/calendar.R2.site_.jpg?fit=1000%2C428&ssl=1&resize=700%2C400 2x"},"classes":[]},{"id":2610,"url":"https:\/\/bluejays.fr\/?p=2610","url_meta":{"origin":2518,"position":5},"title":"12U, 2\u00e8me journ\u00e9e, 2 victoires !","author":"Caro","date":"18\/03\/2019","format":false,"excerpt":"Bonjour \u00e0 tous,\u00a0Nos 12u recevaient \u00e0 pessac ce samedi l'entente Pau \/begaar \/andernos\u00a0 2 matchs serr\u00e9s puisque se terminant \u00e0 chaque fois par un point d'\u00e9cart\u00a0Au 1er match, Andrea lance et fera le boulot jusqu'\u00e0 la 4eme manche o\u00f9 il est remplac\u00e9 par Alexandre\u00a0C\u00f4t\u00e9 attaque un inside Park d Andrea\u2026","rel":"","context":"Dans &quot;Baseball Jeunes&quot;","block_context":{"text":"Baseball Jeunes","link":"https:\/\/bluejays.fr\/?cat=7"},"img":{"alt_text":"","src":"","width":0,"height":0},"classes":[]}],"jetpack_sharing_enabled":true,"_links":{"self":[{"href":"https:\/\/bluejays.fr\/index.php?rest_route=\/wp\/v2\/posts\/2518","targetHints":{"allow":["GET"]}}],"collection":[{"href":"https:\/\/bluejays.fr\/index.php?rest_route=\/wp\/v2\/posts"}],"about":[{"href":"https:\/\/bluejays.fr\/index.php?rest_route=\/wp\/v2\/types\/post"}],"author":[{"embeddable":true,"href":"https:\/\/bluejays.fr\/index.php?rest_route=\/wp\/v2\/users\/11"}],"replies":[{"embeddable":true,"href":"https:\/\/bluejays.fr\/index.php?rest_route=%2Fwp%2Fv2%2Fcomments&post=2518"}],"version-history":[{"count":5,"href":"https:\/\/bluejays.fr\/index.php?rest_route=\/wp\/v2\/posts\/2518\/revisions"}],"predecessor-version":[{"id":2539,"href":"https:\/\/bluejays.fr\/index.php?rest_route=\/wp\/v2\/posts\/2518\/revisions\/2539"}],"wp:featuredmedia":[{"embeddable":true,"href":"https:\/\/bluejays.fr\/index.php?rest_route=\/wp\/v2\/media\/2526"}],"wp:attachment":[{"href":"https:\/\/bluejays.fr\/index.php?rest_route=%2Fwp%2Fv2%2Fmedia&parent=2518"}],"wp:term":[{"taxonomy":"category","embeddable":true,"href":"https:\/\/bluejays.fr\/index.php?rest_route=%2Fwp%2Fv2%2Fcategories&post=2518"},{"taxonomy":"post_tag","embeddable":true,"href":"https:\/\/bluejays.fr\/index.php?rest_route=%2Fwp%2Fv2%2Ftags&post=2518"}],"curies":[{"name":"wp","href":"https:\/\/api.w.org\/{rel}","templated":true}]}}