{"id":2479,"date":"2019-02-22T11:20:04","date_gmt":"2019-02-22T10:20:04","guid":{"rendered":"http:\/\/bluejays.fr\/?p=2479"},"modified":"2019-02-22T11:22:03","modified_gmt":"2019-02-22T10:22:03","slug":"calendriers-saison-2019","status":"publish","type":"post","link":"https:\/\/bluejays.fr\/?p=2479","title":{"rendered":"Calendriers saison 2019"},"content":{"rendered":"\n<p>Tous les calendriers pour le championnat Nouvelle Aquitaine 2019 sont l\u00e0 et la saison va bient\u00f4t d\u00e9but\u00e9e ! <\/p>\n\n\n\n<p>Prenez bien note dans vos carnet pour suivre votre \u00e9quipe favorite !<\/p>\n\n\n\n<p>Let&rsquo;s Play Ball !<\/p>\n\n\n\n<figure class=\"wp-block-image\"><img data-recalc-dims=\"1\" fetchpriority=\"high\" decoding=\"async\" width=\"1000\" height=\"707\" data-attachment-id=\"2460\" data-permalink=\"https:\/\/bluejays.fr\/?attachment_id=2460\" data-orig-file=\"https:\/\/i0.wp.com\/bluejays.fr\/wp-content\/uploads\/2019\/02\/calendrier.9u.2019.png?fit=1000%2C707&amp;ssl=1\" data-orig-size=\"1000,707\" data-comments-opened=\"0\" data-image-meta=\"{&quot;aperture&quot;:&quot;0&quot;,&quot;credit&quot;:&quot;&quot;,&quot;camera&quot;:&quot;&quot;,&quot;caption&quot;:&quot;&quot;,&quot;created_timestamp&quot;:&quot;0&quot;,&quot;copyright&quot;:&quot;&quot;,&quot;focal_length&quot;:&quot;0&quot;,&quot;iso&quot;:&quot;0&quot;,&quot;shutter_speed&quot;:&quot;0&quot;,&quot;title&quot;:&quot;&quot;,&quot;orientation&quot;:&quot;0&quot;}\" data-image-title=\"Calendrier 9U 2019\" data-image-description=\"\" data-image-caption=\"\" data-medium-file=\"https:\/\/i0.wp.com\/bluejays.fr\/wp-content\/uploads\/2019\/02\/calendrier.9u.2019.png?fit=300%2C212&amp;ssl=1\" data-large-file=\"https:\/\/i0.wp.com\/bluejays.fr\/wp-content\/uploads\/2019\/02\/calendrier.9u.2019.png?fit=1000%2C707&amp;ssl=1\" src=\"https:\/\/i0.wp.com\/bluejays.fr\/wp-content\/uploads\/2019\/02\/calendrier.9u.2019.png?resize=1000%2C707\" alt=\"Calendrier 9U 2019\" class=\"wp-image-2460\" srcset=\"https:\/\/i0.wp.com\/bluejays.fr\/wp-content\/uploads\/2019\/02\/calendrier.9u.2019.png?w=1000&amp;ssl=1 1000w, https:\/\/i0.wp.com\/bluejays.fr\/wp-content\/uploads\/2019\/02\/calendrier.9u.2019.png?resize=300%2C212&amp;ssl=1 300w, https:\/\/i0.wp.com\/bluejays.fr\/wp-content\/uploads\/2019\/02\/calendrier.9u.2019.png?resize=768%2C543&amp;ssl=1 768w\" sizes=\"(max-width: 1000px) 100vw, 1000px\" \/><figcaption>Calendrier du Championnat 9U =&gt; plus d&rsquo;infos sur <a href=\"http:\/\/bluejays.fr\/?page_id=296\">la page d\u00e9di\u00e9e 9U<\/a><\/figcaption><\/figure>\n\n\n\n<figure class=\"wp-block-image\"><img data-recalc-dims=\"1\" decoding=\"async\" width=\"1000\" height=\"707\" data-attachment-id=\"2471\" data-permalink=\"https:\/\/bluejays.fr\/?attachment_id=2471\" data-orig-file=\"https:\/\/i0.wp.com\/bluejays.fr\/wp-content\/uploads\/2019\/02\/calendrier.12u.2019.png?fit=1000%2C707&amp;ssl=1\" data-orig-size=\"1000,707\" data-comments-opened=\"0\" data-image-meta=\"{&quot;aperture&quot;:&quot;0&quot;,&quot;credit&quot;:&quot;&quot;,&quot;camera&quot;:&quot;&quot;,&quot;caption&quot;:&quot;&quot;,&quot;created_timestamp&quot;:&quot;0&quot;,&quot;copyright&quot;:&quot;&quot;,&quot;focal_length&quot;:&quot;0&quot;,&quot;iso&quot;:&quot;0&quot;,&quot;shutter_speed&quot;:&quot;0&quot;,&quot;title&quot;:&quot;&quot;,&quot;orientation&quot;:&quot;0&quot;}\" data-image-title=\"calendrier.12u.2019\" data-image-description=\"\" data-image-caption=\"\" data-medium-file=\"https:\/\/i0.wp.com\/bluejays.fr\/wp-content\/uploads\/2019\/02\/calendrier.12u.2019.png?fit=300%2C212&amp;ssl=1\" data-large-file=\"https:\/\/i0.wp.com\/bluejays.fr\/wp-content\/uploads\/2019\/02\/calendrier.12u.2019.png?fit=1000%2C707&amp;ssl=1\" src=\"https:\/\/i0.wp.com\/bluejays.fr\/wp-content\/uploads\/2019\/02\/calendrier.12u.2019.png?resize=1000%2C707\" alt=\"\" class=\"wp-image-2471\" srcset=\"https:\/\/i0.wp.com\/bluejays.fr\/wp-content\/uploads\/2019\/02\/calendrier.12u.2019.png?w=1000&amp;ssl=1 1000w, https:\/\/i0.wp.com\/bluejays.fr\/wp-content\/uploads\/2019\/02\/calendrier.12u.2019.png?resize=300%2C212&amp;ssl=1 300w, https:\/\/i0.wp.com\/bluejays.fr\/wp-content\/uploads\/2019\/02\/calendrier.12u.2019.png?resize=768%2C543&amp;ssl=1 768w\" sizes=\"(max-width: 1000px) 100vw, 1000px\" \/><figcaption> <br>Calendrier du Championnat 12U =&gt; plus d&rsquo;infos sur <a href=\"http:\/\/bluejays.fr\/?page_id=434\">la page d\u00e9di\u00e9e 12U<\/a> <\/figcaption><\/figure>\n\n\n\n<figure class=\"wp-block-image\"><img data-recalc-dims=\"1\" decoding=\"async\" width=\"1000\" height=\"707\" data-attachment-id=\"2468\" data-permalink=\"https:\/\/bluejays.fr\/?attachment_id=2468\" data-orig-file=\"https:\/\/i0.wp.com\/bluejays.fr\/wp-content\/uploads\/2019\/02\/calendrier.15u.2019.png?fit=1000%2C707&amp;ssl=1\" data-orig-size=\"1000,707\" data-comments-opened=\"0\" data-image-meta=\"{&quot;aperture&quot;:&quot;0&quot;,&quot;credit&quot;:&quot;&quot;,&quot;camera&quot;:&quot;&quot;,&quot;caption&quot;:&quot;&quot;,&quot;created_timestamp&quot;:&quot;0&quot;,&quot;copyright&quot;:&quot;&quot;,&quot;focal_length&quot;:&quot;0&quot;,&quot;iso&quot;:&quot;0&quot;,&quot;shutter_speed&quot;:&quot;0&quot;,&quot;title&quot;:&quot;&quot;,&quot;orientation&quot;:&quot;0&quot;}\" data-image-title=\"calendrier.15u.2019\" data-image-description=\"\" data-image-caption=\"\" data-medium-file=\"https:\/\/i0.wp.com\/bluejays.fr\/wp-content\/uploads\/2019\/02\/calendrier.15u.2019.png?fit=300%2C212&amp;ssl=1\" data-large-file=\"https:\/\/i0.wp.com\/bluejays.fr\/wp-content\/uploads\/2019\/02\/calendrier.15u.2019.png?fit=1000%2C707&amp;ssl=1\" src=\"https:\/\/i0.wp.com\/bluejays.fr\/wp-content\/uploads\/2019\/02\/calendrier.15u.2019.png?resize=1000%2C707\" alt=\"\" class=\"wp-image-2468\" srcset=\"https:\/\/i0.wp.com\/bluejays.fr\/wp-content\/uploads\/2019\/02\/calendrier.15u.2019.png?w=1000&amp;ssl=1 1000w, https:\/\/i0.wp.com\/bluejays.fr\/wp-content\/uploads\/2019\/02\/calendrier.15u.2019.png?resize=300%2C212&amp;ssl=1 300w, https:\/\/i0.wp.com\/bluejays.fr\/wp-content\/uploads\/2019\/02\/calendrier.15u.2019.png?resize=768%2C543&amp;ssl=1 768w\" sizes=\"(max-width: 1000px) 100vw, 1000px\" \/><figcaption> <br>Calendrier du Championnat 15U =&gt; plus d&rsquo;infos sur <a href=\"http:\/\/bluejays.fr\/?page_id=438\">la page d\u00e9di\u00e9e 15U  <\/a><\/figcaption><\/figure>\n\n\n\n<figure class=\"wp-block-image\"><img data-recalc-dims=\"1\" loading=\"lazy\" decoding=\"async\" width=\"1000\" height=\"707\" data-attachment-id=\"2474\" data-permalink=\"https:\/\/bluejays.fr\/?attachment_id=2474\" data-orig-file=\"https:\/\/i0.wp.com\/bluejays.fr\/wp-content\/uploads\/2019\/02\/calendrier.soft_.2019.png?fit=1000%2C707&amp;ssl=1\" data-orig-size=\"1000,707\" data-comments-opened=\"0\" data-image-meta=\"{&quot;aperture&quot;:&quot;0&quot;,&quot;credit&quot;:&quot;&quot;,&quot;camera&quot;:&quot;&quot;,&quot;caption&quot;:&quot;&quot;,&quot;created_timestamp&quot;:&quot;0&quot;,&quot;copyright&quot;:&quot;&quot;,&quot;focal_length&quot;:&quot;0&quot;,&quot;iso&quot;:&quot;0&quot;,&quot;shutter_speed&quot;:&quot;0&quot;,&quot;title&quot;:&quot;&quot;,&quot;orientation&quot;:&quot;0&quot;}\" data-image-title=\"calendrier.soft.2019\" data-image-description=\"\" data-image-caption=\"\" data-medium-file=\"https:\/\/i0.wp.com\/bluejays.fr\/wp-content\/uploads\/2019\/02\/calendrier.soft_.2019.png?fit=300%2C212&amp;ssl=1\" data-large-file=\"https:\/\/i0.wp.com\/bluejays.fr\/wp-content\/uploads\/2019\/02\/calendrier.soft_.2019.png?fit=1000%2C707&amp;ssl=1\" src=\"https:\/\/i0.wp.com\/bluejays.fr\/wp-content\/uploads\/2019\/02\/calendrier.soft_.2019.png?resize=1000%2C707\" alt=\"\" class=\"wp-image-2474\" srcset=\"https:\/\/i0.wp.com\/bluejays.fr\/wp-content\/uploads\/2019\/02\/calendrier.soft_.2019.png?w=1000&amp;ssl=1 1000w, https:\/\/i0.wp.com\/bluejays.fr\/wp-content\/uploads\/2019\/02\/calendrier.soft_.2019.png?resize=300%2C212&amp;ssl=1 300w, https:\/\/i0.wp.com\/bluejays.fr\/wp-content\/uploads\/2019\/02\/calendrier.soft_.2019.png?resize=768%2C543&amp;ssl=1 768w\" sizes=\"(max-width: 1000px) 100vw, 1000px\" \/><figcaption> <br>Calendrier du Championnat Softball mixte =&gt; plus d&rsquo;infos sur <a href=\"http:\/\/bluejays.fr\/?page_id=300\">la page d\u00e9di\u00e9e au Soft<\/a><\/figcaption><\/figure>\n\n\n\n<figure class=\"wp-block-image\"><img data-recalc-dims=\"1\" loading=\"lazy\" decoding=\"async\" width=\"1000\" height=\"707\" data-attachment-id=\"2410\" data-permalink=\"https:\/\/bluejays.fr\/?attachment_id=2410\" data-orig-file=\"https:\/\/i0.wp.com\/bluejays.fr\/wp-content\/uploads\/2019\/02\/calendar.R2-1.jpg?fit=1000%2C707&amp;ssl=1\" data-orig-size=\"1000,707\" data-comments-opened=\"0\" data-image-meta=\"{&quot;aperture&quot;:&quot;0&quot;,&quot;credit&quot;:&quot;&quot;,&quot;camera&quot;:&quot;&quot;,&quot;caption&quot;:&quot;&quot;,&quot;created_timestamp&quot;:&quot;0&quot;,&quot;copyright&quot;:&quot;&quot;,&quot;focal_length&quot;:&quot;0&quot;,&quot;iso&quot;:&quot;0&quot;,&quot;shutter_speed&quot;:&quot;0&quot;,&quot;title&quot;:&quot;&quot;,&quot;orientation&quot;:&quot;0&quot;}\" data-image-title=\"calendar.R2\" data-image-description=\"\" data-image-caption=\"\" data-medium-file=\"https:\/\/i0.wp.com\/bluejays.fr\/wp-content\/uploads\/2019\/02\/calendar.R2-1.jpg?fit=300%2C212&amp;ssl=1\" data-large-file=\"https:\/\/i0.wp.com\/bluejays.fr\/wp-content\/uploads\/2019\/02\/calendar.R2-1.jpg?fit=1000%2C707&amp;ssl=1\" src=\"https:\/\/i0.wp.com\/bluejays.fr\/wp-content\/uploads\/2019\/02\/calendar.R2-1.jpg?resize=1000%2C707\" alt=\"\" class=\"wp-image-2410\" srcset=\"https:\/\/i0.wp.com\/bluejays.fr\/wp-content\/uploads\/2019\/02\/calendar.R2-1.jpg?w=1000&amp;ssl=1 1000w, https:\/\/i0.wp.com\/bluejays.fr\/wp-content\/uploads\/2019\/02\/calendar.R2-1.jpg?resize=300%2C212&amp;ssl=1 300w, https:\/\/i0.wp.com\/bluejays.fr\/wp-content\/uploads\/2019\/02\/calendar.R2-1.jpg?resize=768%2C543&amp;ssl=1 768w\" sizes=\"(max-width: 1000px) 100vw, 1000px\" \/><figcaption> <br> <br>Calendrier du Championnat R\u00e9gionale 2 =&gt; plus d&rsquo;infos sur <a href=\"http:\/\/bluejays.fr\/?page_id=503\">la page d\u00e9di\u00e9e \u00e0 la R2<\/a><\/figcaption><\/figure>\n","protected":false},"excerpt":{"rendered":"<p>Tous les calendriers pour le championnat Nouvelle Aquitaine 2019 sont l\u00e0 et la saison va bient\u00f4t d\u00e9but\u00e9e ! Prenez bien note dans vos carnet pour suivre votre \u00e9quipe favorite ! Let&rsquo;s Play Ball !<\/p>\n","protected":false},"author":3,"featured_media":2480,"comment_status":"closed","ping_status":"closed","sticky":false,"template":"","format":"standard","meta":{"_bbp_topic_count":0,"_bbp_reply_count":0,"_bbp_total_topic_count":0,"_bbp_total_reply_count":0,"_bbp_voice_count":0,"_bbp_anonymous_reply_count":0,"_bbp_topic_count_hidden":0,"_bbp_reply_count_hidden":0,"_bbp_forum_subforum_count":0,"_monsterinsights_skip_tracking":false,"_monsterinsights_sitenote_active":false,"_monsterinsights_sitenote_note":"","_monsterinsights_sitenote_category":0,"_uf_show_specific_survey":0,"_uf_disable_surveys":false,"jetpack_post_was_ever_published":false,"_jetpack_newsletter_access":"","_jetpack_dont_email_post_to_subs":false,"_jetpack_newsletter_tier_id":0,"_jetpack_memberships_contains_paywalled_content":false,"_jetpack_memberships_contains_paid_content":false,"footnotes":""},"categories":[7,6,8],"tags":[],"class_list":["post-2479","post","type-post","status-publish","format-standard","has-post-thumbnail","hentry","category-baseball-jeune","category-baseball-senior","category-softball"],"aioseo_notices":[],"jetpack_featured_media_url":"https:\/\/i0.wp.com\/bluejays.fr\/wp-content\/uploads\/2019\/02\/2019.calendriers.championnats.jpg?fit=1000%2C428&ssl=1","jetpack_shortlink":"https:\/\/wp.me\/p7l0w0-DZ","jetpack-related-posts":[{"id":943,"url":"https:\/\/bluejays.fr\/?p=943","url_meta":{"origin":2479,"position":0},"title":"Les calendriers 2015 sont l\u00e0 !","author":"Caro","date":"25\/02\/2015","format":false,"excerpt":"La saison de baseball 2015 approche \u00e0 grand pas, nos \u00e9quipes se pr\u00e9parent au championnat et attendent avec impatience le play ball ! Voici d\u00e9j\u00e0 pour patienter et s'organiser les calendriers des diff\u00e9rentes cat\u00e9gories jeunes et seniors. Chaque calendrier se trouve dans la cat\u00e9gorie respective de la section. Calendrier 9U\u2026","rel":"","context":"Dans &quot;Le Club&quot;","block_context":{"text":"Le Club","link":"https:\/\/bluejays.fr\/?cat=5"},"img":{"alt_text":"","src":"https:\/\/i0.wp.com\/bluejays.fr\/wp-content\/uploads\/2015\/02\/mb-15-social-schedule-release-1024x5121.jpg?fit=555%2C278&ssl=1&resize=350%2C200","width":350,"height":200,"srcset":"https:\/\/i0.wp.com\/bluejays.fr\/wp-content\/uploads\/2015\/02\/mb-15-social-schedule-release-1024x5121.jpg?fit=555%2C278&ssl=1&resize=350%2C200 1x, https:\/\/i0.wp.com\/bluejays.fr\/wp-content\/uploads\/2015\/02\/mb-15-social-schedule-release-1024x5121.jpg?fit=555%2C278&ssl=1&resize=525%2C300 1.5x"},"classes":[]},{"id":1389,"url":"https:\/\/bluejays.fr\/?p=1389","url_meta":{"origin":2479,"position":1},"title":"Opening Day 2016","author":"Caro","date":"02\/03\/2016","format":false,"excerpt":"La saison de baseball 2016 approche \u00e0 grand pas, nos \u00e9quipes se pr\u00e9parent au championnat et attendent avec impatience le play ball ! Nos seniors commenceront leur championnat au mois d'Avril : L'\u00e9quipe 1 d\u00e9bute le championnat de France de Nationale 1 le 17 Avril et se d\u00e9place chez\u00a0les Cavigal\u2026","rel":"","context":"Dans &quot;Baseball Jeunes&quot;","block_context":{"text":"Baseball Jeunes","link":"https:\/\/bluejays.fr\/?cat=7"},"img":{"alt_text":"","src":"https:\/\/i0.wp.com\/bluejays.fr\/wp-content\/uploads\/2016\/03\/opening.day_.2016.1024x428.png?fit=1024%2C428&ssl=1&resize=350%2C200","width":350,"height":200,"srcset":"https:\/\/i0.wp.com\/bluejays.fr\/wp-content\/uploads\/2016\/03\/opening.day_.2016.1024x428.png?fit=1024%2C428&ssl=1&resize=350%2C200 1x, https:\/\/i0.wp.com\/bluejays.fr\/wp-content\/uploads\/2016\/03\/opening.day_.2016.1024x428.png?fit=1024%2C428&ssl=1&resize=525%2C300 1.5x, https:\/\/i0.wp.com\/bluejays.fr\/wp-content\/uploads\/2016\/03\/opening.day_.2016.1024x428.png?fit=1024%2C428&ssl=1&resize=700%2C400 2x"},"classes":[]},{"id":1570,"url":"https:\/\/bluejays.fr\/?p=1570","url_meta":{"origin":2479,"position":2},"title":"C&rsquo;est la rentr\u00e9e !!!","author":"Caro","date":"04\/09\/2016","format":false,"excerpt":"Bonjour \u00e0 tous ! \u00e7a y est nous y sommes, ce mois de septembre est synonyme de rentr\u00e9e des classes mais \u00e9galement de rentr\u00e9e sportive ! Toutes les cat\u00e9gories des Blue Jays sont sur le pied de guerre, les effectifs se constituent \u00e0 vitesse grand V afin de pr\u00e9parer au\u2026","rel":"","context":"Dans &quot;Le Club&quot;","block_context":{"text":"Le Club","link":"https:\/\/bluejays.fr\/?cat=5"},"img":{"alt_text":"","src":"https:\/\/i0.wp.com\/bluejays.fr\/wp-content\/uploads\/2016\/04\/DSC_0133-Copier.jpg?fit=600%2C900&ssl=1&resize=350%2C200","width":350,"height":200,"srcset":"https:\/\/i0.wp.com\/bluejays.fr\/wp-content\/uploads\/2016\/04\/DSC_0133-Copier.jpg?fit=600%2C900&ssl=1&resize=350%2C200 1x, https:\/\/i0.wp.com\/bluejays.fr\/wp-content\/uploads\/2016\/04\/DSC_0133-Copier.jpg?fit=600%2C900&ssl=1&resize=525%2C300 1.5x"},"classes":[]},{"id":1262,"url":"https:\/\/bluejays.fr\/?p=1262","url_meta":{"origin":2479,"position":3},"title":"Finales Championnat d&rsquo;Aquitaine 12U 2015 !","author":"Caro","date":"23\/08\/2015","format":false,"excerpt":"Bonjour \u00e0 tous, Le 13 juin dernier notre club a eu l'immense privil\u00e8ge de recevoir les finales du Championnat d'Aquitaine 12 version 2015 ! Les 6 \u00e9quipes du championnat se sont donc affront\u00e9es sur deux terrains afin de d\u00e9terminer le classement final de cette comp\u00e9tition. Un nouveau challenge pour notre\u2026","rel":"","context":"Dans &quot;Baseball Jeunes&quot;","block_context":{"text":"Baseball Jeunes","link":"https:\/\/bluejays.fr\/?cat=7"},"img":{"alt_text":"","src":"https:\/\/i0.wp.com\/bluejays.fr\/wp-content\/uploads\/2015\/08\/DSC_0545-Copier-e1440508014281.jpg?fit=642%2C428&ssl=1&resize=350%2C200","width":350,"height":200,"srcset":"https:\/\/i0.wp.com\/bluejays.fr\/wp-content\/uploads\/2015\/08\/DSC_0545-Copier-e1440508014281.jpg?fit=642%2C428&ssl=1&resize=350%2C200 1x, https:\/\/i0.wp.com\/bluejays.fr\/wp-content\/uploads\/2015\/08\/DSC_0545-Copier-e1440508014281.jpg?fit=642%2C428&ssl=1&resize=525%2C300 1.5x"},"classes":[]},{"id":1531,"url":"https:\/\/bluejays.fr\/?p=1531","url_meta":{"origin":2479,"position":4},"title":"Challenge Club 2016 samedi 7 et dimanche 8 mai ; Pr\u00e9sentation !","author":"Caro","date":"02\/05\/2016","format":false,"excerpt":"Bonjour \u00e0 tous, Le Club des Blue Jays de St Aubin de M\u00e9doc est ravi de vous accueillir pour sa premi\u00e8re \u00e9dition du Challenge Club 2016 ! Cette ann\u00e9e 13 \u00e9quipes sont inscrites toutes cat\u00e9gories confondues Dans la cat\u00e9gorie 9U seront pr\u00e9sents les clubs de Pineuilh, La Force, Anglet, Bon\u2026","rel":"","context":"Dans &quot;Baseball Jeunes&quot;","block_context":{"text":"Baseball Jeunes","link":"https:\/\/bluejays.fr\/?cat=7"},"img":{"alt_text":"","src":"https:\/\/i0.wp.com\/bluejays.fr\/wp-content\/uploads\/2015\/05\/DSC_0680-e1432585315340.jpg?fit=924%2C367&ssl=1&resize=350%2C200","width":350,"height":200,"srcset":"https:\/\/i0.wp.com\/bluejays.fr\/wp-content\/uploads\/2015\/05\/DSC_0680-e1432585315340.jpg?fit=924%2C367&ssl=1&resize=350%2C200 1x, https:\/\/i0.wp.com\/bluejays.fr\/wp-content\/uploads\/2015\/05\/DSC_0680-e1432585315340.jpg?fit=924%2C367&ssl=1&resize=525%2C300 1.5x, https:\/\/i0.wp.com\/bluejays.fr\/wp-content\/uploads\/2015\/05\/DSC_0680-e1432585315340.jpg?fit=924%2C367&ssl=1&resize=700%2C400 2x"},"classes":[]},{"id":1708,"url":"https:\/\/bluejays.fr\/?p=1708","url_meta":{"origin":2479,"position":5},"title":"2016 : Bilan et perspective 2017 !","author":"Caro","date":"28\/12\/2016","format":false,"excerpt":"Salut \u00e0 tous, A la veille de f\u00eater la nouvelle ann\u00e9e, il est temps pour nous de tirer le bilan de la saison pass\u00e9e. Nos Blue Jays ont-ils brill\u00e9, des contrats ont-ils \u00e9t\u00e9 sign\u00e9s ??? Pef a t'il sorti la balle ?? N'ayez crainte, vous allez tout savoir !! Commen\u00e7ons\u2026","rel":"","context":"Dans &quot;Le Club&quot;","block_context":{"text":"Le Club","link":"https:\/\/bluejays.fr\/?cat=5"},"img":{"alt_text":"","src":"https:\/\/i0.wp.com\/bluejays.fr\/wp-content\/uploads\/2016\/11\/MG_1308-e1479334380283.jpg?fit=1200%2C602&ssl=1&resize=350%2C200","width":350,"height":200,"srcset":"https:\/\/i0.wp.com\/bluejays.fr\/wp-content\/uploads\/2016\/11\/MG_1308-e1479334380283.jpg?fit=1200%2C602&ssl=1&resize=350%2C200 1x, https:\/\/i0.wp.com\/bluejays.fr\/wp-content\/uploads\/2016\/11\/MG_1308-e1479334380283.jpg?fit=1200%2C602&ssl=1&resize=525%2C300 1.5x, https:\/\/i0.wp.com\/bluejays.fr\/wp-content\/uploads\/2016\/11\/MG_1308-e1479334380283.jpg?fit=1200%2C602&ssl=1&resize=700%2C400 2x, https:\/\/i0.wp.com\/bluejays.fr\/wp-content\/uploads\/2016\/11\/MG_1308-e1479334380283.jpg?fit=1200%2C602&ssl=1&resize=1050%2C600 3x"},"classes":[]}],"jetpack_sharing_enabled":true,"_links":{"self":[{"href":"https:\/\/bluejays.fr\/index.php?rest_route=\/wp\/v2\/posts\/2479","targetHints":{"allow":["GET"]}}],"collection":[{"href":"https:\/\/bluejays.fr\/index.php?rest_route=\/wp\/v2\/posts"}],"about":[{"href":"https:\/\/bluejays.fr\/index.php?rest_route=\/wp\/v2\/types\/post"}],"author":[{"embeddable":true,"href":"https:\/\/bluejays.fr\/index.php?rest_route=\/wp\/v2\/users\/3"}],"replies":[{"embeddable":true,"href":"https:\/\/bluejays.fr\/index.php?rest_route=%2Fwp%2Fv2%2Fcomments&post=2479"}],"version-history":[{"count":2,"href":"https:\/\/bluejays.fr\/index.php?rest_route=\/wp\/v2\/posts\/2479\/revisions"}],"predecessor-version":[{"id":2483,"href":"https:\/\/bluejays.fr\/index.php?rest_route=\/wp\/v2\/posts\/2479\/revisions\/2483"}],"wp:featuredmedia":[{"embeddable":true,"href":"https:\/\/bluejays.fr\/index.php?rest_route=\/wp\/v2\/media\/2480"}],"wp:attachment":[{"href":"https:\/\/bluejays.fr\/index.php?rest_route=%2Fwp%2Fv2%2Fmedia&parent=2479"}],"wp:term":[{"taxonomy":"category","embeddable":true,"href":"https:\/\/bluejays.fr\/index.php?rest_route=%2Fwp%2Fv2%2Fcategories&post=2479"},{"taxonomy":"post_tag","embeddable":true,"href":"https:\/\/bluejays.fr\/index.php?rest_route=%2Fwp%2Fv2%2Ftags&post=2479"}],"curies":[{"name":"wp","href":"https:\/\/api.w.org\/{rel}","templated":true}]}}