{"id":3803,"date":"2020-07-09T19:19:47","date_gmt":"2020-07-09T17:19:47","guid":{"rendered":"http:\/\/bluejays.fr\/?p=3803"},"modified":"2020-09-23T16:58:23","modified_gmt":"2020-09-23T14:58:23","slug":"nouveau-president","status":"publish","type":"post","link":"http:\/\/bluejays.fr\/?p=3803","title":{"rendered":"Nouveau pr\u00e9sident"},"content":{"rendered":"\n<p>Bonjour joueuses, joueurs, petits et grands. <\/p>\n\n\n\n<p>Suite \u00e0 une r\u00e9union exceptionnelle du bureau, le club des <strong>BlueJays <\/strong>revoit son <strong>organisation dirigeante<\/strong>.<br>J&rsquo;en <strong>deviens le Pr\u00e9sident<\/strong> et succ\u00e8de donc \u00e0<strong> Jean-Luc<\/strong>. <br><br>Depuis <strong>10 ans<\/strong>, je suis pleinement investi dans le club, que ce soit en tant que membre du bureau comme <strong>secr\u00e9taire<\/strong>, ou encore en tant que <strong>coach <\/strong>et <strong>entra\u00eeneur <\/strong>des sections <strong>jeunes ou seniors<\/strong>. <\/p>\n\n\n\n<!--more-->\n\n\n\n<p>J&rsquo;acc\u00e8de, suite \u00e0 ma candidature, \u00e0 cette place de pr\u00e9sident que j&rsquo;ai assid\u00fbment second\u00e9. <br><br>Plus encore, le bureau des BlueJays dans son ensemble se r\u00e9organise pour accueillir <strong>Sophie <\/strong>en place de <strong>secr\u00e9taire <\/strong>et <strong>Thierry <\/strong>en <strong>tr\u00e9sorier<\/strong>. Les autres membres du bureau sont ceux \u00e9lus lors de la derni\u00e8re AG \u00e9lective de janvier :<strong> Isabelle, Jeremy, Ga\u00ebl et Gilles<\/strong>. <br><br>Ce bureau nouveau <strong>conserve le cap<\/strong> que nous avions choisi. Nos challenges sont nombreux et nous continuerons ensemble \u00e0 les relever pour tous. A commencer par la question de la tenue de <strong>comp\u00e9titions en septembre<\/strong>. <br><\/p>\n\n\n\n<p>Rendez-vous sur les terrains jeunes, <strong>softball <\/strong>et <strong>Baseball <\/strong>r\u00e9gional en septembre. Le <strong>Baseball <\/strong>niveau <strong>national <\/strong>reprendra d\u00e9but ao\u00fbt, n&rsquo;h\u00e9sitez pas \u00e0 venir partager ces moments de jeu \u00bb.<br><br>Le Pr\u00e9sident, Marc-Raphael Jolly <\/p>\n\n\n\n<p><\/p>\n","protected":false},"excerpt":{"rendered":"<p>Bonjour joueuses, joueurs, petits et grands. Suite \u00e0 une r\u00e9union exceptionnelle du bureau, le club des BlueJays revoit son organisation dirigeante.J&rsquo;en deviens le Pr\u00e9sident et succ\u00e8de donc \u00e0 Jean-Luc. Depuis 10 ans, je suis pleinement investi dans le club, que ce soit en tant que membre du bureau comme secr\u00e9taire, ou encore en tant que<\/p>\n<p><a class=\"read-more\" href=\"http:\/\/bluejays.fr\/?p=3803\"> Lire Plus&#8230;<\/a><\/p>\n","protected":false},"author":3,"featured_media":3804,"comment_status":"closed","ping_status":"closed","sticky":false,"template":"","format":"standard","meta":{"_bbp_topic_count":0,"_bbp_reply_count":0,"_bbp_total_topic_count":0,"_bbp_total_reply_count":0,"_bbp_voice_count":0,"_bbp_anonymous_reply_count":0,"_bbp_topic_count_hidden":0,"_bbp_reply_count_hidden":0,"_bbp_forum_subforum_count":0,"_monsterinsights_skip_tracking":false,"_monsterinsights_sitenote_active":false,"_monsterinsights_sitenote_note":"","_monsterinsights_sitenote_category":0,"_uf_show_specific_survey":0,"_uf_disable_surveys":false,"jetpack_post_was_ever_published":false,"_jetpack_newsletter_access":"","_jetpack_dont_email_post_to_subs":false,"_jetpack_newsletter_tier_id":0,"_jetpack_memberships_contains_paywalled_content":false,"_jetpack_memberships_contains_paid_content":false,"footnotes":""},"categories":[120,117,116],"tags":[],"class_list":["post-3803","post","type-post","status-publish","format-standard","has-post-thumbnail","hentry","category-actualites-accueil","category-historique","category-le-mot-du-president"],"aioseo_notices":[],"jetpack_featured_media_url":"https:\/\/i0.wp.com\/bluejays.fr\/wp-content\/uploads\/2020\/07\/nouveau-president-e1596043358150.jpg?fit=1200%2C1020","jetpack_shortlink":"https:\/\/wp.me\/p7l0w0-Zl","jetpack-related-posts":[{"id":4911,"url":"http:\/\/bluejays.fr\/?p=4911","url_meta":{"origin":3803,"position":0},"title":"Nouveau Pr\u00e9sident","author":"Caro","date":"18\/06\/2022","format":false,"excerpt":"Bonjour joueuses, joueurs, petits et grands. Suite \u00e0 l'AG, le club des Blue Jays revoit son organisation dirigeante. J\u2019en deviens le Pr\u00e9sident et succ\u00e8de donc \u00e0 Marc Raphael. Merci \u00e0 toutes et tous d\u2019avoir r\u00e9\u00e9lu certains membres du bureau et au nouveau(x) arrivants. Merci au bureau pour la confiance et\u2026","rel":"","context":"Dans &quot;Actualit\u00e9s accueil&quot;","block_context":{"text":"Actualit\u00e9s accueil","link":"http:\/\/bluejays.fr\/?cat=120"},"img":{"alt_text":"","src":"https:\/\/i0.wp.com\/bluejays.fr\/wp-content\/uploads\/2024\/08\/IMG_7748-scaled-e1727379521666.jpg?fit=1200%2C758&resize=350%2C200","width":350,"height":200,"srcset":"https:\/\/i0.wp.com\/bluejays.fr\/wp-content\/uploads\/2024\/08\/IMG_7748-scaled-e1727379521666.jpg?fit=1200%2C758&resize=350%2C200 1x, https:\/\/i0.wp.com\/bluejays.fr\/wp-content\/uploads\/2024\/08\/IMG_7748-scaled-e1727379521666.jpg?fit=1200%2C758&resize=525%2C300 1.5x, https:\/\/i0.wp.com\/bluejays.fr\/wp-content\/uploads\/2024\/08\/IMG_7748-scaled-e1727379521666.jpg?fit=1200%2C758&resize=700%2C400 2x, https:\/\/i0.wp.com\/bluejays.fr\/wp-content\/uploads\/2024\/08\/IMG_7748-scaled-e1727379521666.jpg?fit=1200%2C758&resize=1050%2C600 3x"},"classes":[]},{"id":835,"url":"http:\/\/bluejays.fr\/?p=835","url_meta":{"origin":3803,"position":1},"title":"Tr\u00e8s bonne ann\u00e9e 2015","author":"Caro","date":"02\/01\/2015","format":false,"excerpt":"\u00c0 l\u2019aube de 2015, le bureau du club des Blue Jays de Saint aubin de M\u00e9doc vous souhaite une tr\u00e8s bonne ann\u00e9e. Nous vous souhaitons bien s\u00fbr la sant\u00e9 ainsi que beaucoup de petits bonheurs. Nous profitons de l\u2019occasion pour remercier tous les intervenants\u00a0 du baseball saint aubinois qui ont\u2026","rel":"","context":"Dans &quot;Le Club&quot;","block_context":{"text":"Le Club","link":"http:\/\/bluejays.fr\/?cat=5"},"img":{"alt_text":"","src":"https:\/\/i0.wp.com\/bluejays.fr\/wp-content\/uploads\/2015\/01\/winter.baseball.jpg?fit=924%2C285&resize=350%2C200","width":350,"height":200,"srcset":"https:\/\/i0.wp.com\/bluejays.fr\/wp-content\/uploads\/2015\/01\/winter.baseball.jpg?fit=924%2C285&resize=350%2C200 1x, https:\/\/i0.wp.com\/bluejays.fr\/wp-content\/uploads\/2015\/01\/winter.baseball.jpg?fit=924%2C285&resize=525%2C300 1.5x, https:\/\/i0.wp.com\/bluejays.fr\/wp-content\/uploads\/2015\/01\/winter.baseball.jpg?fit=924%2C285&resize=700%2C400 2x"},"classes":[]},{"id":1712,"url":"http:\/\/bluejays.fr\/?p=1712","url_meta":{"origin":3803,"position":2},"title":"Voeux Pr\u00e9sidentiels 2017 !","author":"Caro","date":"01\/01\/2017","format":false,"excerpt":"Bonjour \u00e0 toutes et \u00e0 tous, \u00a0 L'ann\u00e9e 2016 vient de tirer sa r\u00e9v\u00e9rence et elle nous aura encore apport\u00e9 notre lot de satisfactions . Permettez moi de revenir rapidement sur cette belle ann\u00e9e . 2016 aura \u00e9t\u00e9 l'ann\u00e9e de beaux r\u00e9sultats sportifs ( \u00bc finales en N1, champion d'automne\u2026","rel":"","context":"Dans &quot;Le Club&quot;","block_context":{"text":"Le Club","link":"http:\/\/bluejays.fr\/?cat=5"},"img":{"alt_text":"","src":"https:\/\/i0.wp.com\/bluejays.fr\/wp-content\/uploads\/2017\/01\/Carte-de-voeux-Blue-Jays-2017-Copier-1.jpg?fit=759%2C427&resize=350%2C200","width":350,"height":200,"srcset":"https:\/\/i0.wp.com\/bluejays.fr\/wp-content\/uploads\/2017\/01\/Carte-de-voeux-Blue-Jays-2017-Copier-1.jpg?fit=759%2C427&resize=350%2C200 1x, https:\/\/i0.wp.com\/bluejays.fr\/wp-content\/uploads\/2017\/01\/Carte-de-voeux-Blue-Jays-2017-Copier-1.jpg?fit=759%2C427&resize=525%2C300 1.5x, https:\/\/i0.wp.com\/bluejays.fr\/wp-content\/uploads\/2017\/01\/Carte-de-voeux-Blue-Jays-2017-Copier-1.jpg?fit=759%2C427&resize=700%2C400 2x"},"classes":[]},{"id":1618,"url":"http:\/\/bluejays.fr\/?p=1618","url_meta":{"origin":3803,"position":3},"title":"le bip baseball \u00e0 saint aubin","author":"Caro","date":"05\/11\/2016","format":false,"excerpt":"jeudi 27\u00a0 octobre , nous recevions sur notre terrain une association des aveugles et d\u00e9ficients visuels de Bordeaux\u00a0 (l'Unadev) . Cette d\u00e9monstration a \u00e9t\u00e9 organis\u00e9e par 2 licenci\u00e9s de club des PUMAS de PAU qui se sont investis dans ce projet hautement ambitieux et g\u00e9n\u00e9reux envers les autres . Il\u2026","rel":"","context":"Dans &quot;Plus d'articles&quot;","block_context":{"text":"Plus d'articles","link":"http:\/\/bluejays.fr\/?cat=1"},"img":{"alt_text":"","src":"https:\/\/i0.wp.com\/bluejays.fr\/wp-content\/uploads\/2016\/11\/DSC_0060-e1478120572624.jpg?fit=645%2C448&resize=350%2C200","width":350,"height":200,"srcset":"https:\/\/i0.wp.com\/bluejays.fr\/wp-content\/uploads\/2016\/11\/DSC_0060-e1478120572624.jpg?fit=645%2C448&resize=350%2C200 1x, https:\/\/i0.wp.com\/bluejays.fr\/wp-content\/uploads\/2016\/11\/DSC_0060-e1478120572624.jpg?fit=645%2C448&resize=525%2C300 1.5x"},"classes":[]},{"id":2661,"url":"http:\/\/bluejays.fr\/?p=2661","url_meta":{"origin":3803,"position":4},"title":"Phases Finales 15U","author":"Fred","date":"25\/06\/2019","format":false,"excerpt":"Rendez-vous tant attendu des finales, avec, toujours pr\u00e9sente dans les esprits, aussi bien pour les joueurs, supporters ou entraineurs, la fin en demi-teinte de l\u2019ann\u00e9e derni\u00e8re. Les victoires contre les Angels de P\u00e9rigueux la semaine pr\u00e9c\u00e9dente ainsi que le tournoi de la Guerche semblent avoir donn\u00e9 le mental n\u00e9cessaire pour\u2026","rel":"","context":"Dans &quot;Baseball Jeunes&quot;","block_context":{"text":"Baseball Jeunes","link":"http:\/\/bluejays.fr\/?cat=7"},"img":{"alt_text":"","src":"https:\/\/i0.wp.com\/bluejays.fr\/wp-content\/uploads\/2019\/06\/eq.staub_-e1561493323402.jpg?fit=955%2C410&resize=350%2C200","width":350,"height":200,"srcset":"https:\/\/i0.wp.com\/bluejays.fr\/wp-content\/uploads\/2019\/06\/eq.staub_-e1561493323402.jpg?fit=955%2C410&resize=350%2C200 1x, https:\/\/i0.wp.com\/bluejays.fr\/wp-content\/uploads\/2019\/06\/eq.staub_-e1561493323402.jpg?fit=955%2C410&resize=525%2C300 1.5x, https:\/\/i0.wp.com\/bluejays.fr\/wp-content\/uploads\/2019\/06\/eq.staub_-e1561493323402.jpg?fit=955%2C410&resize=700%2C400 2x"},"classes":[]},{"id":2025,"url":"http:\/\/bluejays.fr\/?p=2025","url_meta":{"origin":3803,"position":5},"title":"C&rsquo;est la rentr\u00e9e chez les Blue Jays !","author":"Fred","date":"09\/09\/2017","format":false,"excerpt":"Bonjour \u00e0 tous, en esp\u00e9rant que les cong\u00e9s d'\u00e9t\u00e9 ont permis \u00e0 tout le monde de reprendre des forces, nous vous informons que c'est officiellement la rentr\u00e9e pour toutes les sections des Blue Jays !!! Voici le programme des s\u00e9ances en fonction des diff\u00e9rentes cat\u00e9gories lundi 18h30 - 21h :\u2026","rel":"","context":"Dans &quot;Le Club&quot;","block_context":{"text":"Le Club","link":"http:\/\/bluejays.fr\/?cat=5"},"img":{"alt_text":"","src":"https:\/\/i0.wp.com\/bluejays.fr\/wp-content\/uploads\/2017\/04\/DSC_0197-e1523362029989.jpg?fit=1200%2C411&resize=350%2C200","width":350,"height":200,"srcset":"https:\/\/i0.wp.com\/bluejays.fr\/wp-content\/uploads\/2017\/04\/DSC_0197-e1523362029989.jpg?fit=1200%2C411&resize=350%2C200 1x, https:\/\/i0.wp.com\/bluejays.fr\/wp-content\/uploads\/2017\/04\/DSC_0197-e1523362029989.jpg?fit=1200%2C411&resize=525%2C300 1.5x, https:\/\/i0.wp.com\/bluejays.fr\/wp-content\/uploads\/2017\/04\/DSC_0197-e1523362029989.jpg?fit=1200%2C411&resize=700%2C400 2x, https:\/\/i0.wp.com\/bluejays.fr\/wp-content\/uploads\/2017\/04\/DSC_0197-e1523362029989.jpg?fit=1200%2C411&resize=1050%2C600 3x"},"classes":[]}],"jetpack_sharing_enabled":true,"_links":{"self":[{"href":"http:\/\/bluejays.fr\/index.php?rest_route=\/wp\/v2\/posts\/3803","targetHints":{"allow":["GET"]}}],"collection":[{"href":"http:\/\/bluejays.fr\/index.php?rest_route=\/wp\/v2\/posts"}],"about":[{"href":"http:\/\/bluejays.fr\/index.php?rest_route=\/wp\/v2\/types\/post"}],"author":[{"embeddable":true,"href":"http:\/\/bluejays.fr\/index.php?rest_route=\/wp\/v2\/users\/3"}],"replies":[{"embeddable":true,"href":"http:\/\/bluejays.fr\/index.php?rest_route=%2Fwp%2Fv2%2Fcomments&post=3803"}],"version-history":[{"count":3,"href":"http:\/\/bluejays.fr\/index.php?rest_route=\/wp\/v2\/posts\/3803\/revisions"}],"predecessor-version":[{"id":4909,"href":"http:\/\/bluejays.fr\/index.php?rest_route=\/wp\/v2\/posts\/3803\/revisions\/4909"}],"wp:featuredmedia":[{"embeddable":true,"href":"http:\/\/bluejays.fr\/index.php?rest_route=\/wp\/v2\/media\/3804"}],"wp:attachment":[{"href":"http:\/\/bluejays.fr\/index.php?rest_route=%2Fwp%2Fv2%2Fmedia&parent=3803"}],"wp:term":[{"taxonomy":"category","embeddable":true,"href":"http:\/\/bluejays.fr\/index.php?rest_route=%2Fwp%2Fv2%2Fcategories&post=3803"},{"taxonomy":"post_tag","embeddable":true,"href":"http:\/\/bluejays.fr\/index.php?rest_route=%2Fwp%2Fv2%2Ftags&post=3803"}],"curies":[{"name":"wp","href":"https:\/\/api.w.org\/{rel}","templated":true}]}}